{"id":125,"date":"2021-05-09T13:52:05","date_gmt":"2021-05-09T11:52:05","guid":{"rendered":"http:\/\/emnadaf.cluster029.hosting.ovh.net\/?p=125"},"modified":"2021-05-09T13:52:05","modified_gmt":"2021-05-09T11:52:05","slug":"esprits-etes-vous-la","status":"publish","type":"post","link":"http:\/\/emnadaf.cluster029.hosting.ovh.net\/index.php\/2021\/05\/09\/esprits-etes-vous-la\/","title":{"rendered":"Esprits! Etes-vous l\u00e0"},"content":{"rendered":"\n<p>Les \u00e9lections l\u00e9gislatives, para\u00eet-il, sont pr\u00e9vues pour le printemps. Le temps des fleurs, des oiseaux qui chantent, des robes l\u00e9g\u00e8res, des promenades, des sorties en bord de mer, des amours qui \u00e9closent, des journ\u00e9es de soleil ti\u00e8de, les \u00e9tudiants ne voient pas encore le spectre des examens, les m\u00e9nages consomment moins de p\u00e9trole, le linge s\u00e8che plus vite&#8230; Et puis, c&#8217;est l&#8217; A\u00efd, la f\u00eate, la baklaoua, la course effr\u00e9n\u00e9e vers les amandes, les pistaches, les cacahu\u00e8tes, c&#8217;est la ru\u00e9e vers les p\u00e2tisseries, il faut commander \u00e0 l&#8217;avance, avant m\u00eame le mois de Ramadan qui est une aubaine pour les fatigu\u00e9s de naissance; les couturi\u00e8res sont saisies pour les petites robes; les commer\u00e7ants s&#8217;activent pour couper&#8230; couper&#8230; en gros, la m\u00eame chose que l&#8217;ann\u00e9e d&#8217;avant, une petite rose, un petit biais&#8230; et on clame l&#8217;exclusivit\u00e9.. <\/p>\n\n\n\n<p>Le pays est en \u00e9bullition \u00e0 feux \u00e9teints, les soir\u00e9es ramadanesques \u00e9blouissent la masse. Les bananes sont arriv\u00e9es! hourra! l&#8217;ananas aussi! double hourra! mais le pain aux grains de s\u00e9same n&#8217;est pas d\u00e9tr\u00f4n\u00e9! triple hourra!<\/p>\n\n\n\n<p>Les enfants scolaris\u00e9s ont leurs examens \u00e0 la fin du mois de Ramadan, et puis il y a l&#8217; A\u00efd, et puis il y a les vacances de printemps! Un trimestre \u00e0 chanter, danser, et quand arrive le bulletin, au mois d&#8217;avril (on se demande pourquoi ), quelle est la valeur d&#8217;un bulletin quand l&#8217;enfant passe des vacances tranquilles, vous faisant croire qu&#8217;il est le roi\u00a0 des\u00a0 a? N&#8217;y a-t-il pas un moyen de nous signifier o\u00f9 en sont nos rejetons, avant la premi\u00e8re semaine de vacances, ou bien nous demande-t-on de les coincer sur un bureau et dans\u00a0le\u00a0doute,\u00a0devrons-nous dire:<\/p>\n\n\n\n<p>\u00ababstiens-toi de jouer\u00bb!<\/p>\n\n\n\n<p>Nos jeunes, en f\u00e9vrier et mars, seront dans la plupart des familles, que l&#8217;on veuille ou non, perturb\u00e9s par le rythme de vie qui s&#8217;impose \u00e0 nous, les d\u00eeners, les visites, la t\u00e9l\u00e9, les caf\u00e9s, le noufi, la bouza&#8230; Enfin, tout sera beau dans le meilleur des mondes possibles.<\/p>\n\n\n\n<p>En attendant, certains candidats aux l\u00e9gislatives se frottent les mains, \u00e7a baigne dans l&#8217;huile puisque presque tout le monde est ailleurs par l&#8217;esprit; ils r\u00eavent d\u00e9j\u00e0 \u00e0 leurs fauteuils, aux avantages, \u00e0 leur parution \u00e0 la TV. On ne pouvait pas souhaiter plus, ni mieux. On ne prend pas la peine de r\u00e9diger son programme ni d&#8217;enregistrer les d\u00e9sirata des autres. C&#8217;est du tout cuit, du ficel\u00e9 maison, du farci ramadanesque, comme la doulma.<\/p>\n\n\n\n<p>Nous ne sommes plus qu&#8217;\u00e0 quelques semaines des l\u00e9gislatives, je cherche \u00e0 placer ma voix. Qui veut ma voix? C&#8217;est gratis! ou presque, car il faut que vous me montriez votre voie! Non, nul ne veut de ma voix, je suis une enquiquineuse publique. C&#8217;est connu: \u00abc&#8217;est \u00e7a! ferme-la, je sais tr\u00e8s bien ce qu&#8217;il te faut, je connais mieux que toi tes int\u00e9r\u00eats\u00bb.<\/p>\n\n\n\n<p>Et puis, je pense: zut! \u00f4te-toi que je m&#8217;y mette, je suis majeure et vaccin\u00e9e, j&#8217;ai un programme, j&#8217;ai une opinion, j&#8217;ai des id\u00e9es, j&#8217;ai de l&#8217;exp\u00e9rience, je suis une femme de terrain; pourquoi ne pr\u00e9senterai-je pas ma candidature aux \u00e9lections l\u00e9gislatives?<\/p>\n\n\n\n<p>\u00abAh! Madame fait la grande gueule? Donnez-moi vos fiches d&#8217;imp\u00f4ts, de CNSS! N&#8217;auriez-vous pas br\u00fbl\u00e9\u00a0un\u00a0feu\u00a0rouge en\u00a0 1945?!<\/p>\n\n\n\n<p>\u00abMais je n&#8217;\u00e9tais pas encore n\u00e9e\u00bb? \u00abSi ce&nbsp; n&#8217;est&nbsp; pas&nbsp; vous, c&#8217;est&nbsp; votre p\u00e8re\u00bb!<\/p>\n\n\n\n<p>\u00abJe n&#8217;ai pas de p\u00e8re!\u00bb Alors, c&#8217;\u00e9taient vos fr\u00e8res\u00bb. \u00abIls \u00e9taient tout petits encore!\u00bb. \u00abEt puis fl\u00fbte, rentrez chez vous!\u00bb Vous \u00eates trop normale, \u00e7a frise l&#8217;anormal\u00bb.<\/p>\n\n\n\n<p>Je rentre sagement chez moi, j&#8217;ach\u00e8te sur ma route &#8220;L&#8217;Ev\u00e9nement du Jeudi&#8221;, &#8220;Jeune Afrique&#8221;, &#8220;Le Monde Diplomatique&#8221;, je zappe sur les cha\u00eenes diaboliques, je me branche sur &#8220;R.M.C.&#8221;, &#8220;M\u00e9di Int&#8221;. Je lis le nouveau livre de Ma\u00eetre Ali B\u00e9cheur \u00abLes rendez-vous manqu\u00e9s\u00bb (super, g\u00e9nial, il me prend par la main et me fait courir en remontant le temps, les ann\u00e9es et les rues de ma jeunesse, il me fait r\u00eaver, j&#8217;\u00e9prouve une nostalgie). Et \u00e0 mon cher pays, bien-aim\u00e9,\u00a0 je tounie\u00a0 le dos, et mes pens\u00e9es ailleurs s&#8217;envolent dans les nuages.<\/p>\n\n\n\n<p>En toute s\u00e9r\u00e9nit\u00e9, si je reste optimiste, et si je me sens en s\u00e9curit\u00e9 dans mon pays, c&#8217;est gr\u00e2ce au Pr\u00e9sident de la R\u00e9publique. Il veille sur la vie de mes enfants, il concr\u00e9tise les projets, il r\u00e9alise toute proposition positive et salvatrice pour le pays; il essaie de r\u00e9duire les injustices socio-\u00e9conomiques ; de visu, j&#8217;ai pu constater l&#8217;installation de l&#8217;\u00e9lectricit\u00e9 et de l&#8217;eau, des routes macademis\u00e9es sur les cr\u00eates des collines retir\u00e9es, dans les villages berb\u00e8res oubli\u00e9s et ignor\u00e9s pendant trente ans, \u00e0 Djaout&#8230;, Tamazret. .. Combien de Tunisiens connaissent\u00ad ils ces paysages f\u00e9eriques \u00e0 500 km de la Capitale!. On sent que le pays bouge. Certes, il reste beaucoup \u00e0 faire dans un pays qui a \u00e9t\u00e9 immobilis\u00e9 pendant dix ans, quand les gouvernants \u00e9taient fig\u00e9s dans l&#8217;attente de la succession \u00e0 la t\u00eate de l&#8217;Etat.<\/p>\n\n\n\n<p>Quand j&#8217;\u00e9teins les lumi\u00e8res chez moi, et que je souhait\u00e8 la bonne\u00a0 nuit \u00e0 mes enfants, je sais que, pas\u00a0 tr\u00e8s loin de chez moi, un homme\u00a0 dort d&#8217;un seul \u0153il; il est responsable\u00a0de huit millions d&#8217;habitants, il n&#8217;est pas responsable de la situation g\u00e9ographique du pays; et il ne le sait que trop &#8211; je lui accorde sans h\u00e9siter ma voix.<\/p>\n\n\n\n<p>Mais, Messieurs-Dames, les candidats aux l\u00e9gislativ\u00e8s, vous \u00eates adultes,\u00a0\u00a0 arr\u00eatez\u00a0de\u00a0 demander\u00a0 le \u00ab P\u00e8re \u00bb. C&#8217;est tragique, c&#8217;est freudien. Sartre disait: \u00abL&#8217;homme est responsable de son visage \u00e0 quarante ans\u00bb. Pr\u00e9sentez-nous le menu. on a faim! Faites-vous conna\u00eetre; s\u00e9duisez-nous&#8230;<\/p>\n\n\n\n<p>Esprits, \u00eates-vous l\u00e0?<\/p>\n","protected":false},"excerpt":{"rendered":"<p>Les \u00e9lections l\u00e9gislatives, para\u00eet-il, sont pr\u00e9vues pour le printemps. Le temps des fleurs, des oiseaux qui chantent, des robes l\u00e9g\u00e8res, des promenades, des sorties en bord de mer, des amours qui \u00e9closent, des journ\u00e9es de soleil ti\u00e8de, les \u00e9tudiants ne voient pas encore le spectre des examens, les m\u00e9nages consomment moins de p\u00e9trole, le linge&#8230;<\/p>\n","protected":false},"author":1,"featured_media":0,"comment_status":"open","ping_status":"open","sticky":false,"template":"","format":"standard","meta":[],"categories":[1],"tags":[],"_links":{"self":[{"href":"http:\/\/emnadaf.cluster029.hosting.ovh.net\/index.php\/wp-json\/wp\/v2\/posts\/125"}],"collection":[{"href":"http:\/\/emnadaf.cluster029.hosting.ovh.net\/index.php\/wp-json\/wp\/v2\/posts"}],"about":[{"href":"http:\/\/emnadaf.cluster029.hosting.ovh.net\/index.php\/wp-json\/wp\/v2\/types\/post"}],"author":[{"embeddable":true,"href":"http:\/\/emnadaf.cluster029.hosting.ovh.net\/index.php\/wp-json\/wp\/v2\/users\/1"}],"replies":[{"embeddable":true,"href":"http:\/\/emnadaf.cluster029.hosting.ovh.net\/index.php\/wp-json\/wp\/v2\/comments?post=125"}],"version-history":[{"count":1,"href":"http:\/\/emnadaf.cluster029.hosting.ovh.net\/index.php\/wp-json\/wp\/v2\/posts\/125\/revisions"}],"predecessor-version":[{"id":126,"href":"http:\/\/emnadaf.cluster029.hosting.ovh.net\/index.php\/wp-json\/wp\/v2\/posts\/125\/revisions\/126"}],"wp:attachment":[{"href":"http:\/\/emnadaf.cluster029.hosting.ovh.net\/index.php\/wp-json\/wp\/v2\/media?parent=125"}],"wp:term":[{"taxonomy":"category","embeddable":true,"href":"http:\/\/emnadaf.cluster029.hosting.ovh.net\/index.php\/wp-json\/wp\/v2\/categories?post=125"},{"taxonomy":"post_tag","embeddable":true,"href":"http:\/\/emnadaf.cluster029.hosting.ovh.net\/index.php\/wp-json\/wp\/v2\/tags?post=125"}],"curies":[{"name":"wp","href":"https:\/\/api.w.org\/{rel}","templated":true}]}}