{"id":127,"date":"2021-05-09T14:06:11","date_gmt":"2021-05-09T12:06:11","guid":{"rendered":"http:\/\/emnadaf.cluster029.hosting.ovh.net\/?p=127"},"modified":"2021-05-23T15:16:53","modified_gmt":"2021-05-23T13:16:53","slug":"il-etait-une-fois-une-vie","status":"publish","type":"post","link":"http:\/\/emnadaf.cluster029.hosting.ovh.net\/index.php\/2021\/05\/09\/il-etait-une-fois-une-vie\/","title":{"rendered":"Il \u00e9tait une fois&#8230; une vie"},"content":{"rendered":"\n<p>L&#8217;histoire que je voudrais rapporter n&#8217;est pas extraite d&#8217;un roman, c&#8217;est l&#8217;histoire&nbsp;d&#8217;une&nbsp; enfant naturelle arrach\u00e9e \u00e0 sa patrie il y a vingt-cinq ans par un jugement d&#8217;adoption accord\u00e9 \u00e0 une riche veuve musulmane d&#8217;un pays voisin r\u00e9gi par la charia\u00e2. La loi tunisienne ne permet pas l&#8217;adoption d&#8217;enfants abandonn\u00e9s par des non-Musulmans. Vous allez vous\u00ad m\u00eames mesurer l&#8217;absurdit\u00e9 de certaines d\u00e9cisions de justice quand elles m\u00ealent la religion au droit positif.<\/p>\n\n\n\n<p>Il faut d\u00e9j\u00e0 savoir que la Tunisie est le seul pays musulman qui reconna\u00eet l&#8217;adoption et accorde \u00e0 l&#8217;enfant adopt\u00e9 des droits identiques \u00e0 ceux de l&#8217;enfant l\u00e9gitime. Le l\u00e9gislateur en 1957 a voulu qu&#8217;aucun Tunisien ne soit exclu de la soci\u00e9t\u00e9 civile : au lendemain de l&#8217;Ind\u00e9pendance, aucun enfant ne devait rester dans la rue. Quand le Pr\u00e9sident Ben Ali, en 1987 a acc\u00e9d\u00e9 au pouvoir , la rumeur de l&#8217;abolition de l&#8217;adoption a sem\u00e9 la panique chez les couples sans enfants, et dans les centres de l&#8217;enfance abandonn\u00e9e. M\u00e9decins, psychologues, responsables, avaient le m\u00eame mot \u00e0 la bouche: &#8220;Que&nbsp; vont devenir&nbsp; tous ces enfants!&#8221; &nbsp;Les juges eux-m\u00eames disaient: &#8220;Allons\u00ad nous revenir aux infanticides, allons-nous retourner aux avortements dans la clandestinit\u00e9, aux suicides des filles d\u00e9sesp\u00e9r\u00e9es, s\u00e9duites, honteuses?&#8221; Nul n&#8217;ignore que ces probl\u00e8mes existent depuis\u00b7 que le monde est monde. L&#8217;\u00e9volution sociale et celle des lois ont seulement permis de les exposer en plein jour, de les affronter d&#8217;une fa\u00e7on responsable.<\/p>\n\n\n\n<p>Quand le Pr\u00e9sident Ben Ali, s&#8217;adressant aux femmes, leur assura qu&#8217;il n&#8217;\u00e9tait pas question de toucher \u00e0 leurs acquis, qu&#8217;il n&#8217;\u00e9tait pas question de retourner \u00e0 la charia\u00e2 et \u00e0 son intransigeance, les femmes ont souffl\u00e9.<\/p>\n\n\n\n<p>Le paradoxe dans tout cela, c&#8217;est . que pour concevoir un enfant, il faut une femme&nbsp; et&nbsp; un&nbsp; homme.&nbsp; Or,&nbsp; qui est condamn\u00e9 par la soci\u00e9t\u00e9?&nbsp; Qui subit&nbsp; la peine et le reproche?&nbsp; C&#8217;est la femme seule<strong>!<\/strong> Je n&#8217;ai pas l&#8217;intention de faire une analyse juridique de cette affaire port\u00e9e en justice devant la 7\u00e8me Chambre civile si\u00e9geant en mati\u00e8re de statut personnel et pr\u00e9sid\u00e9e par Mme Hassiba El Arbi, magistrat renomm\u00e9 pour sa comp\u00e9tence et ses qualit\u00e9s de coeur. Je voudrais seulement la traiter du point de vue humain et social, pour rappeler \u00e0 ceux qui sont tent\u00e9s de l&#8217;ignorer que &nbsp;la Tunisie est un pays de tol\u00e9rance, que nos lois sont humaines, qu&#8217;elles respectent la vie humaine, \u00e0 fortiori si elle n&#8217;a pas commis le p\u00each\u00e9 qu&#8217;on&nbsp;lui reproche. Et que l&#8217;avantage de la soci\u00e9t\u00e9&nbsp;civile c&#8217;est le pardon que Dieu, dans sa grande mis\u00e9ricorde, accorde \u00e0 chaque repenti.<\/p>\n\n\n\n<p>Voici les faits: une riche veuve musulmane, ressortissante d&#8217;un pays voisin a us\u00e9 de son influence pour obtenir, d&#8217;un juge tunisien, l&#8217;adoption d&#8217;une petite fille abandonn\u00e9e.<\/p>\n\n\n\n<p>Elle voulait en faire une dame de compagnie pour sa vieillesse. La m\u00e8re adoptive et la petite adopt\u00e9e v\u00e9curent quinze ans de bonheur. L&#8217;enfant fut envoy\u00e9e \u00e0 l&#8217;\u00e9cole et re\u00e7ut une bonne \u00e9ducation. Mais la mort subite de la m\u00e8re et son manque de pr\u00e9voyance allaient jeter la fille adoptive dans le plus grand d\u00e9sarroi.<\/p>\n\n\n\n<p>La petite fut aussit\u00f4t d\u00e9class\u00e9e, comme tous les orphelins de la terre. De plus, la famille de la d\u00e9funte a r\u00e9v\u00e9l\u00e9 brutalement \u00e0 la jeune fille son adoption, son origine, lui d\u00e9niant tout droit au nom de sa m\u00e8re, tout droit \u00e0 la succession,&nbsp;&nbsp;tout&nbsp;droit&nbsp;\u00e0&nbsp;la nationalit\u00e9. La famille ne la chassa pas tout de suite:<\/p>\n\n\n\n<p>Tout s&#8217;est \u00e9croul\u00e9 dans la t\u00eate, le coeur et la vie de la petite. Tout a sombr\u00e9 dans le n\u00e9ant : le pass\u00e9, l&#8217;avenir et m\u00eame le pr\u00e9sent, sa minorit\u00e9, le choc psychologique, l&#8217;histoire soudaine de l&#8217;entourage l&#8217;ont r\u00e9duite au silence.<\/p>\n\n\n\n<p>A sa majorit\u00e9 elle se hasarda \u00e0 demander&nbsp;&nbsp;des comptes. Mal lui en prit, car la famille la mena\u00e7a de pr\u00e9venir la police et de la d\u00e9noncer comme \u00e9tant une clandestine vivant dans leur pays sans qualit\u00e9 et sans papiers. Pour&nbsp; tout&nbsp; papier, &nbsp;en effet, elle avait son passeport tunisien qui \u00e9tait p\u00e9rim\u00e9; elle \u00e9tait passible de prison.<\/p>\n\n\n\n<p>Elle&nbsp; prit&nbsp; alors son baluchon et se dirigea vers son pays natal, la Tunisie, en qu\u00eate d&#8217;une identit\u00e9. Arriv\u00e9e \u00e0 la fronti\u00e8re, elle se vit sermonner par un douanier charitable qui la laissa p\u00e9n\u00e9trer sans lui retirer son passeport; il lui recommanda de r\u00e9gulariser sa situation d\u00e8s qu&#8217;elle arriverait \u00e0 destination.<\/p>\n\n\n\n<p>Quelle destination?<\/p>\n\n\n\n<p>Elle s&#8217;adressa aux autorit\u00e9s pour avoir des papiers. Son histoire parut louche. Pouvait-elle r\u00e9pondre \u00e0 un questionnaire pr\u00e9cis: nationalit\u00e9 du p\u00e8re? inconnu ! La nationalit\u00e9 de la m\u00e8re ? \u00e9trang\u00e8re. La nationalit\u00e9 tunisienne lui fut refus\u00e9e.<\/p>\n","protected":false},"excerpt":{"rendered":"<p>L&#8217;histoire que je voudrais rapporter n&#8217;est pas extraite d&#8217;un roman, c&#8217;est l&#8217;histoire&nbsp;d&#8217;une&nbsp; enfant naturelle arrach\u00e9e \u00e0 sa patrie il y a vingt-cinq ans par un jugement d&#8217;adoption accord\u00e9 \u00e0 une riche veuve musulmane d&#8217;un pays voisin r\u00e9gi par la charia\u00e2. La loi tunisienne ne permet pas l&#8217;adoption d&#8217;enfants abandonn\u00e9s par des non-Musulmans. Vous allez vous\u00ad&#8230;<\/p>\n","protected":false},"author":1,"featured_media":0,"comment_status":"open","ping_status":"open","sticky":false,"template":"","format":"standard","meta":[],"categories":[1],"tags":[],"_links":{"self":[{"href":"http:\/\/emnadaf.cluster029.hosting.ovh.net\/index.php\/wp-json\/wp\/v2\/posts\/127"}],"collection":[{"href":"http:\/\/emnadaf.cluster029.hosting.ovh.net\/index.php\/wp-json\/wp\/v2\/posts"}],"about":[{"href":"http:\/\/emnadaf.cluster029.hosting.ovh.net\/index.php\/wp-json\/wp\/v2\/types\/post"}],"author":[{"embeddable":true,"href":"http:\/\/emnadaf.cluster029.hosting.ovh.net\/index.php\/wp-json\/wp\/v2\/users\/1"}],"replies":[{"embeddable":true,"href":"http:\/\/emnadaf.cluster029.hosting.ovh.net\/index.php\/wp-json\/wp\/v2\/comments?post=127"}],"version-history":[{"count":2,"href":"http:\/\/emnadaf.cluster029.hosting.ovh.net\/index.php\/wp-json\/wp\/v2\/posts\/127\/revisions"}],"predecessor-version":[{"id":190,"href":"http:\/\/emnadaf.cluster029.hosting.ovh.net\/index.php\/wp-json\/wp\/v2\/posts\/127\/revisions\/190"}],"wp:attachment":[{"href":"http:\/\/emnadaf.cluster029.hosting.ovh.net\/index.php\/wp-json\/wp\/v2\/media?parent=127"}],"wp:term":[{"taxonomy":"category","embeddable":true,"href":"http:\/\/emnadaf.cluster029.hosting.ovh.net\/index.php\/wp-json\/wp\/v2\/categories?post=127"},{"taxonomy":"post_tag","embeddable":true,"href":"http:\/\/emnadaf.cluster029.hosting.ovh.net\/index.php\/wp-json\/wp\/v2\/tags?post=127"}],"curies":[{"name":"wp","href":"https:\/\/api.w.org\/{rel}","templated":true}]}}