{"id":129,"date":"2021-05-09T14:15:25","date_gmt":"2021-05-09T12:15:25","guid":{"rendered":"http:\/\/emnadaf.cluster029.hosting.ovh.net\/?p=129"},"modified":"2021-05-23T15:18:18","modified_gmt":"2021-05-23T13:18:18","slug":"vos-papiers-sil-vous-plait","status":"publish","type":"post","link":"http:\/\/emnadaf.cluster029.hosting.ovh.net\/index.php\/2021\/05\/09\/vos-papiers-sil-vous-plait\/","title":{"rendered":"Vos papiers, s&#8217;il vous plait!"},"content":{"rendered":"\n<p>C&#8217;est la requ\u00eate la plus l\u00e9gitime et la plus l\u00e9gale dans presque tous les pays du&nbsp; monde civilis\u00e9.<\/p>\n\n\n\n<p>Pourtant, m\u00eame si l&#8217;on a rien \u00e0 cacher, ni \u00e0 redouter, cette question vous interloque une fraction de seconde, comme s&#8217;il \u00e9tait impossible qu&#8217;on ne vous reconnaisse pas, comme citoyen, comme conducteur tr\u00e8s ancien, comme &#8220;fils du quartier&#8221;, comme membre de telle association &#8211; et en un laps de temps tr\u00e8s court, vous sentez votre taux d&#8217;adr\u00e9naline monter, puis vous vous calmez en vous disant qu&#8217;apr\u00e8s tout, il s&#8217;agit de votre s\u00e9curit\u00e9, de celle de tous; que la loi, c&#8217;est la loi, qu&#8217;il est normal que vous soyez prot\u00e9g\u00e9, m\u00eame contre vous-m\u00eame.<\/p>\n\n\n\n<p>&#8220;La peur du gendarme, disait Alain, est le d\u00e9but de la sagesse&#8221;. Heureusement que nos routes sont plus parsem\u00e9es de gendarmes que de coquelicots, car les contrevenants sont l\u00e9gions. Et n&#8217;eussent \u00e9t\u00e9 messieurs les policiers, rares seraient les citoyens qui payeraient leur assurance, leur vignette, &#8230; sans retard. La correction, et la courtoisie dans le langage de M. l&#8217;agent, vous aide \u00e0 supporter l&#8217;interpellation: &#8220;Vos papiers!&#8221;. Mais quels que soient le civisme et la bont\u00e9 du policier quand vous lui r\u00e9pondez: &#8220;Pas de papiers&#8221;, il voit rouge! &#8211; et on le comprend. Le tout c&#8217;est de para\u00eetre s\u00e9rieux, et ne pas avoir l&#8217;air de se payer sa t\u00eate. C&#8217;est votre seule chance de vous en tirer. Jouez-lui le spectacle de la piti\u00e9, du d\u00e9couragement, de la d\u00e9solation&#8230; Tout sauf de l&#8217;humour, encore moins la franchise.<\/p>\n\n\n\n<p>Ne pas poss\u00e9der de papiers est une affaire dramatique et tragique dans un pays qui a h\u00e9rit\u00e9 du colonisateur la lourdeur et la lenteur de l&#8217;administration. Cela devient \u00e0 la limite et paradoxalement plaisant: vu qu&#8217;on ne peut obtenir un document sans l&#8217;autre et vice versa, on est cuit. Le Code p\u00e9nal vous fait des clins d&#8217;\u0153il, les peines pr\u00e9vues dans le Code de la route vous saluent bien bas. Les d\u00e9lits de vagabondage, de refus de d\u00e9cliner son identit\u00e9, les crimes d&#8217;espionnage, de violation de domicile, de vol de voitures&#8230; tout cela peut planer dans l&#8217;air, sur votre t\u00eate. Allez donc prouver que Vous c&#8217;est bien Vous! en conclusion vous \u00eates en libert\u00e9 provisoire &#8211; et tr\u00e8s provisoire m\u00eame.<\/p>\n\n\n\n<p>Je me rappelle avoir d\u00e9fendu, devant un procureur, la cause d&#8217;un client inconscient qui n&#8217;arr\u00eatait pas de narguer la loi pour le plaisir et par go\u00fbt du risque, c&#8217;\u00e9tait maladif:<\/p>\n\n\n\n<p>&#8220;Monsieur le Procureur, dis-je, mon client flirte avec la porte de la prison&#8230;&#8221;. Et le procureur de r\u00e9pliquer: &#8220;Je vous en prie, Ma\u00eetre, ne le privez pas du plaisir de poursuivre&#8221;. C&#8217;\u00e9tait du temps de l&#8217;humour et de la bonne humeur.<\/p>\n\n\n\n<p>Imaginez un petit peu que Messieurs les contr\u00f4leurs des imp\u00f4ts, de la s\u00e9curit\u00e9 sociale, des PTT, de la STEG, de la SONEDE, votre agent d&#8217;assurance, le propri\u00e9taire de votre logement, votre banquier&#8230;., quelques huissiers notaires&#8230; etc, s&#8217;amusent \u00e0 vous exp\u00e9dier quelques lettres recommand\u00e9es avec accus\u00e9s de r\u00e9ception, vous promettant les menaces les plus cuisantes, avec les d\u00e9lais les plus courts et les taux d&#8217;int\u00e9r\u00eats les plus forts&#8230; Alors l\u00e0 vous \u00eates Nickel! Puisque vous ne pouvez retirer aucune correspondance et que M. le receveur des PTT se montre inflexible et se r\u00e9fugie derri\u00e8re les textes de lois. Pas de carte d&#8217;identit\u00e9 nationale? Amenez deux t\u00e9moins alors! Vous vous imaginez le cirque?<\/p>\n\n\n\n<p>Mais en plus, quand par dessus tout cela vous perdez votre passeport, vous \u00eates le beau petit pigeon dans une belle cage. Dieu lui m\u00eame ne pourra rien pour vous, m\u00eame si on pr\u00e9sume qu&#8217;il saura reconna\u00eetre les siens. Notre pays bouge tellement sur la sc\u00e8ne internationale, que pour trouver quelqu&#8217;un pour les affaires banales, il faut se lever t\u00f4t!<\/p>\n\n\n\n<p>Et puis inutile de se plaindre, quand j&#8217;ai os\u00e9 affirmer que tout ne tourne pas rond chez Th\u00e9mis, &#8220;la r\u00e9compense&#8221; ne s&#8217;est pas fait attendre. Alors, je m&#8217;accroche \u00e0 la patience. Je saurai, je l&#8217;esp\u00e8re, tenir debout, la t\u00eate haute. D&#8217;ailleurs j&#8217;adore regarder, dans les pays de d\u00e9mocratie ancienne, les files d&#8217;attente devant les salles de cin\u00e9ma. Mais tout cela m&#8217;a plong\u00e9 dans une r\u00e9flexion profonde: combien y a-t-il de gens sans papiers d&#8217;identit\u00e9 dans le pays, et combien sont-ils \u00e0 \u00eatre sans passeport? C&#8217;est une question \u00e0 adresser aux petits voleurs \u00e0 la tire . Ils ne savent pas qu&#8217;en volant un portefeuille ou un sac \u00e0 main; ils retirent la libert\u00e9 de l&#8217;individu, son droit constitutionnel \u00e0 se mouvoir.<\/p>\n\n\n\n<p>D&#8217;ailleurs, le probl\u00e8me des papiers d&#8217;identit\u00e9 est tr\u00e8s pr\u00e9occupant, car souvent des erreurs mat\u00e9rielles se glissent dans les actes d&#8217;Etat-civil. Et c&#8217;est assez emb\u00eatant.<\/p>\n\n\n\n<p>Mais maintenant, je me demande s&#8217;il vaut mieux avoir des actes d&#8217;Etat civil panach\u00e9s, plut\u00f4t que de n&#8217;en avoir pas du tout. Le probl\u00e8me du nom des enfants naturels me tient et m&#8217;a tenu toujours \u00e0 c\u0153ur. Chaque Tunisien a droit \u00e0 un pr\u00e9nom et \u00e0 un nom, mais cette loi ancienne de trente cinq ans est rest\u00e9e inachev\u00e9e, et la dignit\u00e9 de l&#8217;\u00eatre humain reste bafou\u00e9e. Les b\u00e2tards ont aussi le sang rouge! Il est inutile et archa\u00efque de les condamner \u00e0 leur naissance. Combien de jeunes hommes et de jeunes filles souffrent en silence; \u00e0 qui diront-ils qu&#8217;ils sont b\u00e2tards, ou fils d&#8217;une m\u00e8re X?<\/p>\n\n\n\n<p>La force de l&#8217;Homme est de s&#8217;adapter certes, alors que mon arri\u00e8re grand-m\u00e8re ne poss\u00e9dait pas de papiers ni de passeport et<strong> <\/strong>qu&#8217;elle \u00e9tait, para\u00eet-il, tr\u00e8s heureuse (ce qui n&#8217;\u00e9tait pas le cas de ma grand-m\u00e8re qui exigeait de mon pauvre grand-p\u00e8re des cures \u00e0 Vichy, au Mont-Dore et \u00e0 la Bourboule, un peu pour soigner son asthme et un peu pour soigner son snobisme), j&#8217;ai d\u00e9cid\u00e9 d&#8217;oublier la paperasse pour un temps, de foncer vers le Djerid, \u00e0 la rencontre du d\u00e9sert. J&#8217;ai adopt\u00e9 leur voile noir pendant les vacances.<\/p>\n\n\n\n<p>Vous ne pouvez pas r\u00e9aliser ce que c&#8217;est reposant, une cure de s\u00e9r\u00e9nit\u00e9! Une m\u00e9ditation enrichissante, plus aucun stress, plus aucun souci, un havre de paix! Le beau ciel \u00e9toil\u00e9, les dunes \u00e0 perte de vue, le grand bleu coupe \u00e0 l&#8217;infini l&#8217;immensit\u00e9 du d\u00e9sert. De Tamarza \u00e0 Tamezret, de Douz \u00e0 Tataouine, le Sud de la Tunisie, que les trois quarts des Tunisiens de la capitale ignorent par paresse, par b\u00eatise, est si beau!<\/p>\n\n\n\n<p>Loin de moi Amnesty International, loin de moi les ligues des Droits de l&#8217;Homme, loin de moi les associations humanitaires, loin de moi l&#8217;antenne diabolique et les informations angoissantes: une guerre finit, l&#8217;autre na\u00eet. V\u00e9g\u00e9ter ou vivre? L\u00e0 est le dilemme!<\/p>\n\n\n\n<p>J&#8217;eus une sensation enivrante de libert\u00e9! Libert\u00e9! Comme tu es pr\u00e9cieuse!<\/p>\n\n\n\n<p>Il y avait quand m\u00eame un chameau! Sale b\u00eate! Va! Eloigne-toi!<\/p>\n","protected":false},"excerpt":{"rendered":"<p>C&#8217;est la requ\u00eate la plus l\u00e9gitime et la plus l\u00e9gale dans presque tous les pays du&nbsp; monde civilis\u00e9. Pourtant, m\u00eame si l&#8217;on a rien \u00e0 cacher, ni \u00e0 redouter, cette question vous interloque une fraction de seconde, comme s&#8217;il \u00e9tait impossible qu&#8217;on ne vous reconnaisse pas, comme citoyen, comme conducteur tr\u00e8s ancien, comme &#8220;fils du&#8230;<\/p>\n","protected":false},"author":1,"featured_media":0,"comment_status":"open","ping_status":"open","sticky":false,"template":"","format":"standard","meta":[],"categories":[1],"tags":[],"_links":{"self":[{"href":"http:\/\/emnadaf.cluster029.hosting.ovh.net\/index.php\/wp-json\/wp\/v2\/posts\/129"}],"collection":[{"href":"http:\/\/emnadaf.cluster029.hosting.ovh.net\/index.php\/wp-json\/wp\/v2\/posts"}],"about":[{"href":"http:\/\/emnadaf.cluster029.hosting.ovh.net\/index.php\/wp-json\/wp\/v2\/types\/post"}],"author":[{"embeddable":true,"href":"http:\/\/emnadaf.cluster029.hosting.ovh.net\/index.php\/wp-json\/wp\/v2\/users\/1"}],"replies":[{"embeddable":true,"href":"http:\/\/emnadaf.cluster029.hosting.ovh.net\/index.php\/wp-json\/wp\/v2\/comments?post=129"}],"version-history":[{"count":2,"href":"http:\/\/emnadaf.cluster029.hosting.ovh.net\/index.php\/wp-json\/wp\/v2\/posts\/129\/revisions"}],"predecessor-version":[{"id":191,"href":"http:\/\/emnadaf.cluster029.hosting.ovh.net\/index.php\/wp-json\/wp\/v2\/posts\/129\/revisions\/191"}],"wp:attachment":[{"href":"http:\/\/emnadaf.cluster029.hosting.ovh.net\/index.php\/wp-json\/wp\/v2\/media?parent=129"}],"wp:term":[{"taxonomy":"category","embeddable":true,"href":"http:\/\/emnadaf.cluster029.hosting.ovh.net\/index.php\/wp-json\/wp\/v2\/categories?post=129"},{"taxonomy":"post_tag","embeddable":true,"href":"http:\/\/emnadaf.cluster029.hosting.ovh.net\/index.php\/wp-json\/wp\/v2\/tags?post=129"}],"curies":[{"name":"wp","href":"https:\/\/api.w.org\/{rel}","templated":true}]}}