{"id":137,"date":"2021-05-09T15:26:57","date_gmt":"2021-05-09T13:26:57","guid":{"rendered":"http:\/\/emnadaf.cluster029.hosting.ovh.net\/?p=137"},"modified":"2021-05-09T15:26:57","modified_gmt":"2021-05-09T13:26:57","slug":"pour-qui-sonnera-le-glas","status":"publish","type":"post","link":"http:\/\/emnadaf.cluster029.hosting.ovh.net\/index.php\/2021\/05\/09\/pour-qui-sonnera-le-glas\/","title":{"rendered":"Pour qui sonnera le glas ?"},"content":{"rendered":"\n<p>L<em>e pr\u00e9sident\u00a0 Mohamed\u00a0 Boudhiaf est<\/em> <em>d\u00e9c\u00e9d\u00e9. Quoi de plus naturel, n&#8217;est\u00ad-il pas mortel? Si l&#8217;on croit au destin, on dira qu&#8217;il est revenu mourir dans sa patrie. Je suis s\u00fbre qu&#8217;en exil, il devait penser \u00e0 la mort dans son pays na\u00adtal, parmi les siens. Quoi de plus logique? Moujahed, son sang a \u00e9t\u00e9 vers\u00e9 sur le sol o\u00f9 il a combattu pour lib\u00e9rer l&#8217;Alg\u00e9rie du co\u00adlonialisme. Il \u00e9tait revenu pour un autre combat, contre la corruption, l&#8217;intol\u00e9rance, le chaos, le totalitarisme et la faillite. Il est mort \u00e0 72 ans, assassin\u00e9, il est devenu un martyr, son aur\u00e9ole est \u00e0 jamais fix\u00e9e dans les rangs de ses fr\u00e8res et s\u0153urs qui n&#8217;ont pas pu voir l&#8217;ind\u00e9pendance de l&#8217;Alg\u00e9rie.<\/em><\/p>\n\n\n\n<p><em>Un 8 novembre 1987, Bourguiba aurait connu le m\u00eame sort, le sang aurait coul\u00e9, les Tunisiens doivent beaucoup au Pr\u00e9sident Ben Ali, \u00f4 combien on le r\u00e9alise aujourd&#8217;hui! Je n&#8217;ai plus aucun doute main\u00adtenant, les islamistes int\u00e9gristes n&#8217;auraient \u00e9pargn\u00e9 personne, la Tunisie se serait transform\u00e9e en boucherie. Et \u00e0 l&#8217;heure qu&#8217;il est, le pays aurait \u00e9t\u00e9 aux mains de gens qui veulent convaincre par les armes, par le vitriol, par le feu.<\/em><\/p>\n\n\n\n<p><em>Tout autour de moi, lundi 29 juin, les Tunisiens sont p\u00e9trifi\u00e9s. Tous sans aucune exception, ils r\u00e9p\u00e8taient, comme pour eux\u00ad m\u00eames, que le Pr\u00e9sident Ben Ali a raison de faire assurer sa s\u00e9curit\u00e9 et la n\u00f4tre. Ces m\u00eames personnes qui, parfois la veille, di\u00adsaient qu&#8217;il y a trop de \u00abflics\u00bb dans les rues, ont tout d&#8217;un coup compris qu&#8217;on ne badine pas avec les fanatiques.<\/em><\/p>\n\n\n\n<ul><li><em>Sous le choc, ces m\u00eames individus, qui d\u00e9non\u00e7aient les arrestations des isla\u00admistes, qui r\u00e2laient contre l&#8217;autodissolution de la LTDH, qui parlaient de restriction des libert\u00e9s, crient qu&#8217;il faut \u00e9liminer physique\u00adment les islamistes, qu&#8217;il faut les an\u00e9antir sans concession, sans exception, qu&#8217;il faut la r\u00e9plique par les armes.<\/em><\/li><\/ul>\n\n\n\n<ul><li><em>La violence appelle la violence, certes, mais si on est convaincu de la d\u00e9mocratie, si on croit aux valeurs humaines, on ne doit pas se d\u00e9faire de ses principes, il faut rechercher des solutions urgentes, loin<\/em> <em>de la violence et de la r\u00e9pression. Prenons au moins du recul.<\/em> <\/li><\/ul>\n\n\n\n<ul><li><em>J&#8217;ai eu \u00e0 constater de la joie dans les milieux islamistes. Mon Dieu, peut-\u00eatre que l&#8217;assassinat, consid\u00e9r\u00e9 de leur point de vue, est une garantie pour retenir sa place au Paradis. Ils cherchent l&#8217;identit\u00e9 arabo\u00ad-musulmane; ils sont servis, on reverra les s\u00e9ries d&#8217;assassinats, c&#8217;\u00e9tait l&#8217;\u00e9poque du&#8221;hhanjar&#8221;, nous voici \u00e0 la veille du XX\/\u00e8me si\u00e8cle sous la menace du &#8220;kalachnikov&#8221;.<\/em><\/li><\/ul>\n\n\n\n<ul><li><em>Seulement le Maghreb \u00e9tait \u00e0 l&#8217;abri des coups dans le dos, les lions de l&#8217;Atlas n&#8217;attaquent jamais qu&#8217;en faisant face \u00e0 leur victime . On n&#8217;aurait pas cru qu&#8217;il existait des Alg\u00e9riens l\u00e2ches!!<\/em><\/li><\/ul>\n\n\n\n<ul><li><em>Mais pour qui sonnera le glas?<\/em><\/li><\/ul>\n\n\n\n<ul><li><em>D&#8217;abord , pour nous, les Tunisiens convaincus des Droits de l&#8217;Homme et de la D\u00e9mocratie. Nous ne pouvons plus avoir de sympathie ni de soutien pour les isla\u00ad mistes arr\u00eat\u00e9s.<\/em><\/li><\/ul>\n\n\n\n<p><em>C&#8217;est la mort dans l&#8217;\u00e2me et la peur au ventre qu&#8217;on verra nos compatriotes jug\u00e9s par le tribunal militaire. Qui d\u00e9fendrons \u00ad nous? Les bourreaux de la d\u00e9mocratie, les gens qui ne r\u00eavent que de nous \u00e9liminer?<\/em><\/p>\n\n\n\n<ul><li><em>Et encore pour nous, les supporters de la soci\u00e9t\u00e9 civile, qui refusons d\u00e9sormais la pr\u00e9sence sur notre territoire des membres d&#8217;Amnesty International ou de ceux de la LIDH, ni d&#8217;aucune organisation soi-disant humanitaire occidentale. Que pourraient-ils pour nous, le jour du chaos, que Dieu nous en garde, et nous prot\u00e8ge? C&#8217;est donc ces criminels que soutient l&#8217;Occident?<\/em><\/li><\/ul>\n\n\n\n<ul><li><em>Et enfin pour nous que sonnera le glas. Que devrons-nous penser si l&#8217;Etat suspend les libert\u00e9s, d&#8217;expression \u00a0entre autres? Que devrons-nous faire si l&#8217;arm\u00e9e quitte les casernes?<\/em><\/li><\/ul>\n\n\n\n<p><em>C&#8217;est humain, nous opterons pour notre s\u00e9curit\u00e9 et celle de nos enfants, pour la sta\u00adbilit\u00e9 du pays, pour l&#8217;honneur de la Tunisie, car nous consid\u00e9rons que la guerre civile est un d\u00e9shonneur.<\/em><\/p>\n\n\n\n<ul><li><em>Pauvre Alg\u00e9rie, je comprends mais <\/em><em>je <\/em><em>n&#8217;excuse pas. Pauvres Alg\u00e9riens, comme ils sont pr\u00e8s de l&#8217;an 1830!<\/em><em><\/em><\/li><\/ul>\n","protected":false},"excerpt":{"rendered":"<p>Le pr\u00e9sident\u00a0 Mohamed\u00a0 Boudhiaf est d\u00e9c\u00e9d\u00e9. Quoi de plus naturel, n&#8217;est\u00ad-il pas mortel? Si l&#8217;on croit au destin, on dira qu&#8217;il est revenu mourir dans sa patrie. Je suis s\u00fbre qu&#8217;en exil, il devait penser \u00e0 la mort dans son pays na\u00adtal, parmi les siens. Quoi de plus logique? Moujahed, son sang a \u00e9t\u00e9 vers\u00e9&#8230;<\/p>\n","protected":false},"author":1,"featured_media":0,"comment_status":"open","ping_status":"open","sticky":false,"template":"","format":"standard","meta":[],"categories":[1],"tags":[],"_links":{"self":[{"href":"http:\/\/emnadaf.cluster029.hosting.ovh.net\/index.php\/wp-json\/wp\/v2\/posts\/137"}],"collection":[{"href":"http:\/\/emnadaf.cluster029.hosting.ovh.net\/index.php\/wp-json\/wp\/v2\/posts"}],"about":[{"href":"http:\/\/emnadaf.cluster029.hosting.ovh.net\/index.php\/wp-json\/wp\/v2\/types\/post"}],"author":[{"embeddable":true,"href":"http:\/\/emnadaf.cluster029.hosting.ovh.net\/index.php\/wp-json\/wp\/v2\/users\/1"}],"replies":[{"embeddable":true,"href":"http:\/\/emnadaf.cluster029.hosting.ovh.net\/index.php\/wp-json\/wp\/v2\/comments?post=137"}],"version-history":[{"count":1,"href":"http:\/\/emnadaf.cluster029.hosting.ovh.net\/index.php\/wp-json\/wp\/v2\/posts\/137\/revisions"}],"predecessor-version":[{"id":138,"href":"http:\/\/emnadaf.cluster029.hosting.ovh.net\/index.php\/wp-json\/wp\/v2\/posts\/137\/revisions\/138"}],"wp:attachment":[{"href":"http:\/\/emnadaf.cluster029.hosting.ovh.net\/index.php\/wp-json\/wp\/v2\/media?parent=137"}],"wp:term":[{"taxonomy":"category","embeddable":true,"href":"http:\/\/emnadaf.cluster029.hosting.ovh.net\/index.php\/wp-json\/wp\/v2\/categories?post=137"},{"taxonomy":"post_tag","embeddable":true,"href":"http:\/\/emnadaf.cluster029.hosting.ovh.net\/index.php\/wp-json\/wp\/v2\/tags?post=137"}],"curies":[{"name":"wp","href":"https:\/\/api.w.org\/{rel}","templated":true}]}}