{"id":141,"date":"2021-05-09T15:54:04","date_gmt":"2021-05-09T13:54:04","guid":{"rendered":"http:\/\/emnadaf.cluster029.hosting.ovh.net\/?p=141"},"modified":"2021-05-23T15:25:49","modified_gmt":"2021-05-23T13:25:49","slug":"cette-male-gaite-si-triste-et-si-profonde-que-lorsquon-vient-den-rire-on-devrait-en-pleurer-musset","status":"publish","type":"post","link":"http:\/\/emnadaf.cluster029.hosting.ovh.net\/index.php\/2021\/05\/09\/cette-male-gaite-si-triste-et-si-profonde-que-lorsquon-vient-den-rire-on-devrait-en-pleurer-musset\/","title":{"rendered":"&#8220;Cette m\u00e2le ga\u00eet\u00e9 si triste et si profonde que lorsqu&#8217;on vient d&#8217;en rire, on devrait en pleurer&#8221; (Musset)"},"content":{"rendered":"\n<p>C&#8217;est la pens\u00e9e qui a \u00e9t\u00e9 inspir\u00e9e \u00e0 Musset apr\u00e8s qu&#8217;il eut assist\u00e9 \u00e0 une com\u00e9die raillant les comportement des Hommes.<\/p>\n\n\n\n<p>Vendredi soir, j&#8217;ai assist\u00e9 au Teatro, \u00e0 El Mechtel (publicit\u00e9 gratuite) \u00e0 une repr\u00e9sentation en solo de Fellag. Quels qualificatifs vais-je lui attribuer? c&#8217;est tellement nouveau chez nous! Disons d&#8217;abord que c&#8217;est un artiste car il donne beaucoup de lui-m\u00eame, il improvise, il remplit la sc\u00e8ne. C&#8217;est un parolier et chaque mot qu&#8217;il prononce accroche notre acquiescement puisqu&#8217;il d\u00e9crit simplement le r\u00e9el, si triste, mais aussi magiquement puisqu&#8217;il nous am\u00e8ne \u00e0 en rire, et pendant deux heures, on se tient les c\u00f4tes, et \u00e7a fait du bien, car nous Tunisiens, on s&#8217;arr\u00eate de rire d\u00e8s qu&#8217;on entame la vie d&#8217;adulte. Les charges et les responsabilit\u00e9s sont tellement pesantes que notre rire ressemble parfois \u00e0 une grimace. Les larmes de rire que soutire Fellag \u00e0 son auditoire sont d&#8217;autant plus pr\u00e9cieuses qu&#8217;elles se rar\u00e9fient de plus en plus.<\/p>\n\n\n\n<p>Fellag brosse le tableau de quartiers populeux et populaires d&#8217;Alger qui pourraient \u00eatre ceux de Tunis ou de Naples. D&#8217;ailleurs il d\u00e9crit si bien la vie pleine et vide en&nbsp; m\u00eame&nbsp; temps&nbsp; de &nbsp;la jeunesse, une jeunesse au ch\u00f4mage, un ch\u00f4mage qui n&#8217;est pas v\u00e9cu comme une plaie ou une tare, plut\u00f4t une situation de farniente reposant dont on s&#8217;accommode. <\/p>\n\n\n\n<p>Il d\u00e9nonce les p\u00e9nuries, la dictature, la croissance d\u00e9mographique, les tortures sur un ton si badin que, sur le moment, vous oubliez d&#8217;y porter un jugement s\u00e9v\u00e8re, m\u00eame si vous ne pouvez vous emp\u00eacher de songer que Fellag n&#8217;est pas l&#8217;enfant (et non le fils) de l&#8217;Alg\u00e9rie seulement, il appartient \u00e0 tout le Maghreb et au Tiers Monde.<\/p>\n\n\n\n<p>La salle \u00e9tait comble, l&#8217;auditoire \u00e9tait compos\u00e9 de Tunisiens et de &#8220;Tchitchi&#8221;, il para\u00eet que c&#8217;est comme cela qu&#8217;on appelle les bourgeois Alg\u00e9riens (selon Fellag).<\/p>\n\n\n\n<p>Ce qui fait surtout plaisir quand on a \u00e9cout\u00e9 Fellag, c&#8217;est qu&#8217;il nous rapporte l&#8217;information de peuple \u00e0 peuple, vraie, nature, affranchie de &#8220;l&#8217;officiel&#8221; o\u00f9 tout va bien toujours dans le meilleur des mondes possibles. Nous avons le sentiment d&#8217;\u00eatre respect\u00e9s puisqu&#8217;il nous sert la v\u00e9rit\u00e9, celle que nous vivons et que les m\u00e9dias officiels du Tiers-Monde d\u00e9mentent et maquillent alors que nous la voyons \u00e0 l&#8217;oeil nu, que nous la vivons et nous la palpons.<\/p>\n\n\n\n<p>L&#8217;autre impression agr\u00e9able, c&#8217;est que nous sentons la franchise et l&#8217;humilit\u00e9 de I&#8217;Alg\u00e9rien qui reconna\u00eet et critique les vices de sa soci\u00e9t\u00e9. L&#8217;Alg\u00e9rien se regarde, se consid\u00e8re, se critique et donc s&#8217;am\u00e9liore. <\/p>\n\n\n\n<p>Je connais un pays o\u00f9 les gens pensent qu&#8217;ils sont les meilleurs, les plus fins, les plus intelligents, ils sont comme les coqs les pieds dans la merdouille et le cocorico lanc\u00e9&nbsp; au&nbsp; ciel.&nbsp; &nbsp;A peine un petit tartempion se constitue une place \u00e0 la t\u00e9l\u00e9, dans la radio ou \u00e0 un journal qu&#8217;il se croit descendu de la cuisse de Jupiter. Il prend des airs! alors qu&#8217;il&nbsp;est souvent une bulle d&#8217;air. D&#8217;ailleurs certains font souvent une apparition \u00e9ph\u00e9m\u00e8re heureusement, car leur humour est si lourd si grotesque, si triste&#8230;<\/p>\n\n\n\n<p>Revenons \u00e0 Fellag. Il n&#8217;est pas Arabe, il est Kabyle, il est musulman et Alg\u00e9rien, on lui a appris \u00e0 parler l&#8217;arabe. Son vocabulaire n&#8217;est pas riche d&#8217;ailleurs, il utilise les mots qu&#8217;il faut pour toucher l&#8217;imagination, il y vient, et d&#8217;ailleurs je trouve tellement b\u00eates et tristes les personnes qui d\u00e9bitent en arabe litt\u00e9raire des tirades, m\u00e9nageant la syntaxe en oubliant d&#8217;inclure le th\u00e8me, cela sonne si creux! Ils utilisent la beaut\u00e9 de la langue arabe pour intimider le pauvre citoyen. En France, il y a quelque si\u00e8cles c&#8217;\u00e9tait la m\u00eame chose, les hommes de loi et &nbsp;les  m\u00e9decins parlaient et \u00e9crivaient en latin pour maintenir les plaideurs dans l&#8217;ignorance.<\/p>\n\n\n\n<p>Le choix de la salle, au Mechtel, le prix de la place (cinq dinars, et trois dinars pour les jeunes en semaine) peut-il nous laisser croire que l&#8217;intention est de toucher une \u00e9lite? Ce serait dommage, car il serait souhaitable que les jeunes du peuple, les \u00e9tudiants, les \u00e9l\u00e8ves puissent l&#8217;\u00e9couter, car c&#8217;est une illustration de la d\u00e9mocratie que de se permettre de critiquer soi-m\u00eame et les autres dans les limites de la d\u00e9cence et de la correction. La Municipalit\u00e9 de Tunis pourrait peut-\u00eatre faire un effort pour lui accorder une repr\u00e9sentation au Th\u00e9\u00e2tre, et Fellag pourrait peut-\u00eatre faire l&#8217;effort d&#8217;une repr\u00e9sentation \u00e0 moiti\u00e9 prix afin de toucher plus de jeunes. Ce sont les peuples qui feront l&#8217;UMA et non les gouvernements. <\/p>\n\n\n\n<p>&#8220;Babour&nbsp;Australia&#8221;, &#8220;S.O.S Iebess&#8221; et plusieurs autres sketchs nous poussent \u00e0 rire, puis \u00e0 nous poser des questions. Ce ne sont pas les tables rondes rasoirs des &#8220;ul\u00e9mas&#8221; qui rapprochent nos peuples.<\/p>\n\n\n\n<p>Aussi paradoxal que cela puisse para\u00eetre, Fellag I&#8217;Alg\u00e9rien&nbsp; nous&nbsp; donne une le\u00e7on de d\u00e9mocratie. La d\u00e9mocratie n&#8217;est &nbsp;pas l&#8217;anarchie et le voyourisme; ce n&#8217;est pas l&#8217;attaque de la vie priv\u00e9e des gens sans frein ni mesure. Le barreau de Tunisie a \u00e9t\u00e9 estomaqu\u00e9 en lisant des d\u00e9clarations perverses, pernicieuse et crasseuses sur l&#8217;activit\u00e9 sexuelle d&#8217;un avocat dans son cabinet. Il faut croire que les voyeurs ne sont..pas tous sous les verrous.<\/p>\n\n\n\n<p>Apr\u00e8s tout, le Conseil de l&#8217;Ordre des avocats existe, idem une proc\u00e9dure l\u00e9gale pour accuser les avocats v\u00e9reux ou vicieux. Un conseil de discipline peut prononcer des sanctions, jusqu&#8217;\u00e0 la radiation d\u00e9finitive, et puis il y a le Parquet ouvert \u00e0 tous les plaignants&#8230;<\/p>\n","protected":false},"excerpt":{"rendered":"<p>C&#8217;est la pens\u00e9e qui a \u00e9t\u00e9 inspir\u00e9e \u00e0 Musset apr\u00e8s qu&#8217;il eut assist\u00e9 \u00e0 une com\u00e9die raillant les comportement des Hommes. Vendredi soir, j&#8217;ai assist\u00e9 au Teatro, \u00e0 El Mechtel (publicit\u00e9 gratuite) \u00e0 une repr\u00e9sentation en solo de Fellag. Quels qualificatifs vais-je lui attribuer? c&#8217;est tellement nouveau chez nous! Disons d&#8217;abord que c&#8217;est un artiste&#8230;<\/p>\n","protected":false},"author":1,"featured_media":0,"comment_status":"open","ping_status":"open","sticky":false,"template":"","format":"standard","meta":[],"categories":[1],"tags":[],"_links":{"self":[{"href":"http:\/\/emnadaf.cluster029.hosting.ovh.net\/index.php\/wp-json\/wp\/v2\/posts\/141"}],"collection":[{"href":"http:\/\/emnadaf.cluster029.hosting.ovh.net\/index.php\/wp-json\/wp\/v2\/posts"}],"about":[{"href":"http:\/\/emnadaf.cluster029.hosting.ovh.net\/index.php\/wp-json\/wp\/v2\/types\/post"}],"author":[{"embeddable":true,"href":"http:\/\/emnadaf.cluster029.hosting.ovh.net\/index.php\/wp-json\/wp\/v2\/users\/1"}],"replies":[{"embeddable":true,"href":"http:\/\/emnadaf.cluster029.hosting.ovh.net\/index.php\/wp-json\/wp\/v2\/comments?post=141"}],"version-history":[{"count":4,"href":"http:\/\/emnadaf.cluster029.hosting.ovh.net\/index.php\/wp-json\/wp\/v2\/posts\/141\/revisions"}],"predecessor-version":[{"id":194,"href":"http:\/\/emnadaf.cluster029.hosting.ovh.net\/index.php\/wp-json\/wp\/v2\/posts\/141\/revisions\/194"}],"wp:attachment":[{"href":"http:\/\/emnadaf.cluster029.hosting.ovh.net\/index.php\/wp-json\/wp\/v2\/media?parent=141"}],"wp:term":[{"taxonomy":"category","embeddable":true,"href":"http:\/\/emnadaf.cluster029.hosting.ovh.net\/index.php\/wp-json\/wp\/v2\/categories?post=141"},{"taxonomy":"post_tag","embeddable":true,"href":"http:\/\/emnadaf.cluster029.hosting.ovh.net\/index.php\/wp-json\/wp\/v2\/tags?post=141"}],"curies":[{"name":"wp","href":"https:\/\/api.w.org\/{rel}","templated":true}]}}