{"id":145,"date":"2021-05-09T18:23:10","date_gmt":"2021-05-09T16:23:10","guid":{"rendered":"http:\/\/emnadaf.cluster029.hosting.ovh.net\/?p=145"},"modified":"2021-05-11T15:15:03","modified_gmt":"2021-05-11T13:15:03","slug":"le-roi-est-mort-vive-le-roi","status":"publish","type":"post","link":"http:\/\/emnadaf.cluster029.hosting.ovh.net\/index.php\/2021\/05\/09\/le-roi-est-mort-vive-le-roi\/","title":{"rendered":"Le Roi est mort! Vive le Roi!"},"content":{"rendered":"\n<p>C&#8217;est \u00e0 cinq heures du matin que j&#8217;ai appris voil\u00e0 dix&nbsp; jours la disparition&nbsp; de l&#8217;avion de M. Yasser&nbsp;Arafat et de ses compagnons. Le commentateur de RMC avait proclam\u00e9 que sans doute la baraka, cette fois l&#8217;a &nbsp;lais\u00ads\u00e9 tomber.<\/p>\n\n\n\n<p>J&#8217;ai une grande admiration pour M. Arafat, il est sacro \u00ad-saint pour moi, puisque dans mon esprit l&#8217;homme est li\u00e9 \u00e0 la lutte des Palestiniens pour&nbsp; la lib\u00e9ration&nbsp; de leur&nbsp; Patrie. C&#8217;est&nbsp; un leader infatigable et coriace qui poursuit un seul chemin direct pour que les Palestiniens aient droit \u00e0 leur terre. Sa cause est noble; courageux, il se transforme en globe-trotter pour d\u00e9fendre&nbsp; le droit des enfants&nbsp; palestiniens \u00e0 leur&nbsp; terre.<\/p>\n\n\n\n<p>M. Arafat a r\u00e9apparu treize heures apr\u00e8s. La joie de le revoir vivant \u00e9tait \u00e9gale au stress et \u00e0 l&#8217;angoisse qu&#8217;a suscit\u00e9 en moi la nouvelle de sa disparition. Avec du recul, je me rends compte combien le sort des tiers-mondistes est limit\u00e9 et fragile. Une cause, une lutte est rattach\u00e9e \u00e0 un seul homme. Un mortel. Nous sommes musulmans et nous sommes convaincus que seul Dieu est \u00e9ternel. Comment cela se fait donc qu&#8217;un seul homme qui cristallise sur lui tant d&#8217;esp\u00e9\u00adrances, est investi par son peuple d&#8217;un pouvoir occulte? C&#8217;est bien Pascal qui feignait de s&#8217;\u00e9tonner: \u00abComment a-t -il pu mourir, ce mortel\u00bb. M. Arafat \u00e9tant un simple mortel, il est destin\u00e9 comme vous et moi, \u00e0 partir un&nbsp; jour.<\/p>\n\n\n\n<p>L&#8217;erreur du Tiers Monde c&#8217;est de continuer \u00e0 ignorer le tra\u00advail d&#8217;\u00e9quipe. Les seconds ne doivent l&#8217;\u00eatre qu&#8217;en titre, mais \u00e0 mon avis ils doivent \u00eatre aussi dynamiques, aussi efficaces, aussi bien form\u00e9s et inform\u00e9s que le leader. Jamais de vide, car la noble cause appartient \u00e0 tout un chacun.<\/p>\n\n\n\n<p>En&nbsp; Occident, il y a une formule tr\u00e8s ancienne: sur le champ, d\u00e8s que le Roi rend le dernier souffle, on annonce au peuple&nbsp; et \u00e0 la cour: \u00abLe Roi est mort, vive le Roi\u00bb. Il s&#8217;agit du roi qui succ\u00e8de imm\u00e9diatement pour qu&#8217;il n&#8217;y ait aucun troubl\u00e9 social, aucun obstacle \u00e0 la direction du pays. C&#8217;est vrai qu&#8217;il y a&nbsp;des&nbsp; conciliabules, des&nbsp; intrigues&nbsp; de&nbsp; Palais,&nbsp; des&nbsp; magouilles en coulisses,&nbsp; mais&nbsp; la p\u00e9rennit\u00e9 de l&#8217;Etat&nbsp; est&nbsp; assur\u00e9e.<\/p>\n\n\n\n<p>Je me souviens des probl\u00e8mes qu&#8217;a suscit\u00e9 l&#8217;\u00e9ventualit\u00e9 de la succession de Bourguiba: certains se d\u00e9claraient &#8220;Dauphins&#8221;, faisaient courir des rumeurs et en fait vendaient la peau de l&#8217;ours avant de l&#8217;avoir tu\u00e9. Ce qui \u00e9tait bizarre c&#8217;est qu&#8217;ils ne courtisaient pas le peuple pour acqu\u00e9rir des sympathisants et donc r\u00e9colter pour plus tard des voies aux \u00e9lec\u00adtions. Ils n&#8217;imaginaient le pouvoir que d&#8217;en haut pour avoir le peuple \u00e0 leurs&nbsp;&nbsp;bottes. Etre Pr\u00e9sident de la R\u00e9publique, c&#8217;est en fait exercer un m\u00e9tier extr\u00eamement difficile, o\u00f9 l&#8217;on n&#8217;a pas droit \u00e0 l&#8217;erreur, o\u00f9 les charges sont tr\u00e8s lourdes, o\u00f9 l&#8217;on doit \u00eatre inform\u00e9 de tout ce qui se passe dans le pays et hors du pays. On&nbsp;&nbsp;doit assurer la p\u00e9rennit\u00e9 de l&#8217;Etat et la s\u00e9curit\u00e9 des citoyens et veiller \u00e0 les faire manger \u00e0 leur&nbsp; faim.&nbsp; On&nbsp; a \u00e9norm\u00e9ment de&nbsp; pouvoirs, et surtout beaucoup de jaloux et de gens mal intentionn\u00e9s dont il faut se pr\u00e9server et dont il faut tenir compte.&nbsp;&nbsp;&nbsp;&nbsp;&nbsp;&nbsp;&nbsp;&nbsp;&nbsp;&nbsp; ,<\/p>\n\n\n\n<p>C&#8217;est pour cela qu&#8217;\u00e0 mon avis le leader doit former ses successeurs potentiels &#8220;\u00e0 la spartiate&#8221;, leur int\u00e9grit\u00e9 doit \u00eatre au-dessus de tout&nbsp; soup\u00e7on, ils ne doivent pas \u00eatre des&nbsp; faibles et s&#8217;ils n&#8217;ont pas milit\u00e9 sur le terrain, ils devraient \u00eatre&nbsp; soumis&nbsp;&nbsp; \u00e0 une formation de sciences politiques. On n&#8217;a pas besoin d&#8217;\u00e9narques qui n&#8217;ont pas l&#8217;exp\u00e9rience des hommes, les autodidactes&nbsp; sont plus efficaces.<\/p>\n\n\n\n<p>Nul n&#8217;est indispensable et chaque pays appartient \u00e0 ses nationaux. Dans les pays du Tiers monde &#8211; et les pays arabes en particulier &#8211; celui qui accapare le pouvoir a l&#8217;impression d&#8217;avoir b\u00e9n\u00e9fici\u00e9 d&#8217;un h\u00e9ritage. Vingt ans. Trente ans; ils ne se lassent jamais. Ils sont ind\u00e9l\u00e9bilement atteints de cette maladie incurable appel\u00e9e \u00abla fauteuillite\u00bb. Et si le peuple s&#8217;insurge, il est \u00e9cras\u00e9&nbsp;et r\u00e9duit&nbsp; au silence.<\/p>\n\n\n\n<p>Les peuples fr\u00e8res, irakien et libyen ont droit \u00e0 une&nbsp;vie paisible, \u00e0 la tranquillit\u00e9, \u00e0 la dignit\u00e9, au pain et aux soins. Ils n&#8217;ont pas mis une bombe \u00e0 la Maison Blanche ni \u00e0 Downstreet ni \u00e0 l&#8217;Elys\u00e9e. Ils ne sont pas responsables des actes de leurs chefs.<\/p>\n\n\n\n<p>Alors pourquoi massacrer des innocents? L&#8217;Occident ignorerait-il le principe universel de la personnalisation des peines, qui \u00e9nonce que la famille du coupable ne peut \u00eatre sanctionn\u00e9e du fait des actes&nbsp; d\u00e9lictueux de ce&nbsp; dernier.<\/p>\n\n\n\n<p>Quand les peuples du Tiers Monde pourront-ils saisir la Cour Internationale de Justice pour d\u00e9savouer un chef dicta\u00adteur, ou mauvais gestionnaire, ou carr\u00e9ment aventurier ou pilleur des deniers publics, parce qu&#8217;ils en auraient eu marre de recevoir des bombes, de faire des guerres? C&#8217;est une utopie, certains diront que l&#8217;ing\u00e9rence est une arme \u00e0 double tranchant. Il faut d\u00e9j\u00e0 savoir de qui cette Cour sera compo\u00ads\u00e9e. Pour finir, M. Arafat&nbsp; est bien vivant, la baraka&nbsp;est avec lui, nous nous&nbsp; en r\u00e9jouissons. Mais nous&nbsp; avons&nbsp; senti la terre trembler sous nos pieds, nous qui souhaitons voir&nbsp; les&nbsp; Palestiniens dans leur Patrie. Esp\u00e9rons que ce court \u00e9pisode r\u00e9veillera tous les leaders du Tiers Monde, puisque seul Dieu  est \u00e9ternel. Il ne faut pas r\u00e9fl\u00e9chir \u00e0 court terme.<\/p>\n","protected":false},"excerpt":{"rendered":"<p>C&#8217;est \u00e0 cinq heures du matin que j&#8217;ai appris voil\u00e0 dix&nbsp; jours la disparition&nbsp; de l&#8217;avion de M. Yasser&nbsp;Arafat et de ses compagnons. Le commentateur de RMC avait proclam\u00e9 que sans doute la baraka, cette fois l&#8217;a &nbsp;lais\u00ads\u00e9 tomber. J&#8217;ai une grande admiration pour M. Arafat, il est sacro \u00ad-saint pour moi, puisque dans mon&#8230;<\/p>\n","protected":false},"author":1,"featured_media":0,"comment_status":"open","ping_status":"open","sticky":false,"template":"","format":"standard","meta":[],"categories":[1],"tags":[],"_links":{"self":[{"href":"http:\/\/emnadaf.cluster029.hosting.ovh.net\/index.php\/wp-json\/wp\/v2\/posts\/145"}],"collection":[{"href":"http:\/\/emnadaf.cluster029.hosting.ovh.net\/index.php\/wp-json\/wp\/v2\/posts"}],"about":[{"href":"http:\/\/emnadaf.cluster029.hosting.ovh.net\/index.php\/wp-json\/wp\/v2\/types\/post"}],"author":[{"embeddable":true,"href":"http:\/\/emnadaf.cluster029.hosting.ovh.net\/index.php\/wp-json\/wp\/v2\/users\/1"}],"replies":[{"embeddable":true,"href":"http:\/\/emnadaf.cluster029.hosting.ovh.net\/index.php\/wp-json\/wp\/v2\/comments?post=145"}],"version-history":[{"count":2,"href":"http:\/\/emnadaf.cluster029.hosting.ovh.net\/index.php\/wp-json\/wp\/v2\/posts\/145\/revisions"}],"predecessor-version":[{"id":147,"href":"http:\/\/emnadaf.cluster029.hosting.ovh.net\/index.php\/wp-json\/wp\/v2\/posts\/145\/revisions\/147"}],"wp:attachment":[{"href":"http:\/\/emnadaf.cluster029.hosting.ovh.net\/index.php\/wp-json\/wp\/v2\/media?parent=145"}],"wp:term":[{"taxonomy":"category","embeddable":true,"href":"http:\/\/emnadaf.cluster029.hosting.ovh.net\/index.php\/wp-json\/wp\/v2\/categories?post=145"},{"taxonomy":"post_tag","embeddable":true,"href":"http:\/\/emnadaf.cluster029.hosting.ovh.net\/index.php\/wp-json\/wp\/v2\/tags?post=145"}],"curies":[{"name":"wp","href":"https:\/\/api.w.org\/{rel}","templated":true}]}}