{"id":150,"date":"2021-05-11T16:34:58","date_gmt":"2021-05-11T14:34:58","guid":{"rendered":"http:\/\/emnadaf.cluster029.hosting.ovh.net\/?p=150"},"modified":"2021-05-11T16:34:58","modified_gmt":"2021-05-11T14:34:58","slug":"adieu-saddam-je-taimais-bien","status":"publish","type":"post","link":"http:\/\/emnadaf.cluster029.hosting.ovh.net\/index.php\/2021\/05\/11\/adieu-saddam-je-taimais-bien\/","title":{"rendered":"Adieu Saddam, je t&#8217;aimais bien&#8230;"},"content":{"rendered":"\n<p>Comme Che Guevara, Martin\u00a0 Luther King, Mehdi\u00a0Ben Barka\u00a0et tant d&#8217;autres, Saddam Hussein sera \u00e9limin\u00e9 pour avoir touch\u00e9 aux\u00a0int\u00e9r\u00eats\u00a0des grands et des puissants.<\/p>\n\n\n\n<p>Une\u00a0exp\u00e9dition\u00a0 punitive est r\u00e9serv\u00e9e \u00e0 quiconque, dans\u00a0le\u00a0Tiers-Monde rel\u00e8vera le front. Qu&#8217;on se le dise, et \u00e0 bon entendeur, sa\u00adlut! On ne l\u00e9sinera pas sur les moyens. Seule la fin co\u00admpte. Triste victoire pour les Alli\u00e9s, int\u00e9rieurement convaincus de leur d\u00e9faite tant\u00a0militaire\u00a0que\u00a0politique et humaine :<\/p>\n\n\n\n<ul><li>une trentaine de pays contre un seul, avec des moyens militaires destin\u00e9s \u00e0 l&#8217;origine \u00e0 un conflit mon\u00addial,<\/li><li>d\u00e9faite politique : les Occidentaux se sont essoufl\u00e9s \u00e0 r\u00e9p\u00e9ter au monde ent\u00adier qu&#8217;il s&#8217;agissait de d\u00e9fen\u00addre le droit international puis, mettant bas\u00a0 les masques, ils ont d\u00fb\u00a0 admet\u00adtre, devant l&#8217; incr\u00e9dulit\u00e9 du monde, que leur sale guerre avait pour but de\u00a0 s&#8217;emparer du p\u00e9trole du Koweit vital pour leur confort, et non pas leur survie,<\/li><li>perte de respect et de consid\u00e9ration que leur vouait le Tiers-Monde.\u00a0 R\u00e9f\u00e9rez-vous aux contradic\u00adtions du Chef de l&#8217;Etat fran\u00e7ais: \u00ab La France n&#8217;attaquera \u00a0pas \u00a0l&#8217;Irak, On ne foulera pas le sol ira\u00adkien&#8230; \u00bb. L&#8217;important est de s&#8217;asseoir \u00e0 la table du parta\u00adge du g\u00e2teau,&#8230; Le code de l&#8217;honneur des Occidentaux a failli sur plus d&#8217;un plan.<\/li><\/ul>\n\n\n\n<p>Dans \u00abla dix-neuvi\u00e8me wilaya\u00bb r\u00e9cup\u00e9r\u00e9e , on as\u00adsiste\u00a0 \u00e0\u00a0 la\u00a0 vengeance\u00a0 des indig\u00e8nes sur les Palestiniens r\u00e9sidents.\u00a0Les \u00abd\u00e9mocrate s\u00bb nous pr\u00e9par\u00adent-ils un autre Sabra et Chatila?<\/p>\n\n\n\n<p><em><strong>Les effets de la guerre \u00e0 l&#8217;\u00e9tranger &#8230;<\/strong><\/em><\/p>\n\n\n\n<p>Je plains les peuples fr\u00e8res d&#8217;Egypte et de Syrie, dont les gouvernants regardent vers le Sina\u00ef et le Go\u00adlan, esp\u00e9rant que les puiss\u00adants leur accordent quelques faveurs&#8230;<\/p>\n\n\n\n<p>La guerre est une calami\u00adt\u00e9. Nous n&#8217;en voulions pas. Seulement, \u00e0 quelque chose malheur est bon, je trouve qu&#8217;elle n&#8217;a pas eu que des effets n\u00e9gatifs sur la situa\u00adtion dans notre pays, et je voudrais \u00e9voquer quelques aspects\u00a0 positifs.<\/p>\n\n\n\n<p>Saddam\u00a0Hussein\u00a0\u00a0a d\u00e9tr\u00f4n\u00e9 les idoles occiden\u00adtales de nos enfants. Il est d\u00e9sormais pour eux\u00a0 le mar\u00adtyr arabe, le super-homme qui a d\u00e9fi\u00e9 une trentaine de pays sur-arm\u00e9s et leur a r\u00e9\u00adsist\u00e9\u00a0 quarante-cinq\u00a0 jours sous\u00a0\u00a0\u00a0 les\u00a0bombes et l&#8217;embargo. Il est celui qui a d\u00e9voil\u00e9 la face de\u00a0 l&#8217;ONU plus trompeuse que celle de Judas.<\/p>\n\n\n\n<p>Il est celui qui\u00a0a\u00a0d\u00e9chir\u00e9 les oripeaux des Occiden\u00adtaux, laissant apparaitre leur racisme face \u00e0 l&#8217;Arabe, au Musulman et au\u00a0 Tiers\u00ad Mondiste . Il est celui qui a \u00e9branl\u00e9\u00a0 la certitude des li\u00adbert\u00e9s\u00a0de\u00a0presse\u00a0et d&#8217;expression en Occident.<\/p>\n\n\n\n<p>Il est celui qui a montr\u00e9 aux Europ\u00e9ens qu&#8217;il y a les Etats-Unis et le reste du monde, et que l&#8217;URSS ne tardera pas \u00e0 redevenir la Russie &#8230; La CIA, le KGB et le Mossad ne ch\u00f4meront pas.<\/p>\n\n\n\n<p><strong>&#8230; <em>et en Tunisie<\/em><\/strong><\/p>\n\n\n\n<p>Les impacts du conflit du Golfe sur notre\u00a0 pays\u00a0 sont tr\u00e8s int\u00e9ressants et m\u00e9ritent une analyse.<\/p>\n\n\n\n<p>J &#8216;applaudis le comportement du Pr\u00e9sident de la R\u00e9publique, car\u00a0 je\u00a0 trouve qu&#8217;il a fait un parcours sans faute dans cette crise&#8230; Sa sagesse , sa prudence n&#8217;avaient\u00a0 pour souci\u00a0que l&#8217;int\u00e9r\u00eat du peuple dont il est responsable devant Dieu et l&#8217;Histoire. La Tunisie a fait un pas vers la d\u00e9mocratie,\u00a0 le nier serait faire preuve de mauvaise foi&#8230;\u00a0<\/p>\n\n\n\n<p>Aujourd&#8217;hui, il ne faut pas avoir d&#8217;illusions: les mois et m\u00eame le s ann\u00e9es de vaches maigres ne vont pas tarder \u00e0 appara\u00eetre. Les\u00a0 Tunisiens qui ont \u00e9t\u00e9 jusqu&#8217;\u00e0 demander la rupture des relations di\u00adplomatiques avec l&#8217;Occident doivent savoir que celui-ci a d\u00e9j\u00e0 commenc\u00e9 \u00e0\u00a0 les\u00a0 punir, \u00e0 les d\u00e9pouiller de leur fiert\u00e9. Certains \u00a0cherchent m\u00eame\u00a0\u00e0 d\u00e9stabiliser le r\u00e9gime, qui n&#8217;a fait que suivre l&#8217;opinion souveraine du peuple.<\/p>\n\n\n\n<p>Il revient au peuple de se d\u00e9fendre. Chacun de nous doit\u00a0assumer les\u00a0 cons\u00e9\u00adquences de ses prises de po\u00adsitions. Apr\u00e8s s&#8217;\u00eatre mobili\u00ads\u00e9 pour l&#8217;Irak, il s&#8217;agit de se mobiliser contre l&#8217;embargo \u00e9conomique qu&#8217;on ne va pas tarder \u00e0 nous faire subir. Seule l&#8217;abn\u00e9gation des Tuni\u00adsiens , leur patriotisme, leur sens\u00a0 \u00a0de la\u00a0responsabilit\u00e9 viendront \u00e0 bout de la crise \u00e9conomique.\u00a0 La\u00a0\u00a0solidarit\u00e9 nationale consiste \u00e0 se pous\u00adser un peu pour faire\u00a0place au voisin.<\/p>\n\n\n\n<p>Le \u00a0second\u00a0 point\u00a0positif pour\u00a0les\u00a0Tunisiens,\u00a0\u00a0c&#8217;est qu&#8217;ils n&#8217;ont aujourd&#8217;hui plus aucun complexe face aux inconditionnels de la Cause arabe, et des\u00a0 islamistes qui les\u00a0traitaient\u00a0de\u00a0barbares h\u00e9r\u00e9tiques . La cause est en\u00adtendue&#8230; Aller effectuer le p\u00e8lerinage \u00e0 La Mecque tant que les Occidentaux foulent aux pieds la Terre Sainte ne peut faire honneur \u00e0 aucun Maghr\u00e9bin. Sans compter\u00a0 la saign\u00e9e en devises que nous ne poss\u00e9dons pas!<\/p>\n\n\n\n<p>Par ail leurs , nul Tunisien ne peut pr\u00e9tendre d\u00e9sormais ignorer le dessein des int\u00e9\u00adgristes ni les puissances d&#8217;argent qui les\u00a0 manipulent. J&#8217;aimerais mieux m&#8217;allier avec le diable. Toutefois, bien\u00a0que\u00a0 je\u00a0 condamne\u00a0le crime,\u00a0\u00a0 je\u00a0\u00a0trouve\u00a0que l&#8217;\u00e9mission \u00abMindhar\u00bb a vio\u00adl\u00e9 l e droit au respect de l&#8217;int\u00e9grit\u00e9 physique des vic\u00adtimes br\u00fbl\u00e9es en les mon\u00adtrant tr\u00e8s longuement\u00a0et avec insistance sur l&#8217;\u00e9cran de la TV. Ces gens avaient-ils donn\u00e9 leur consentement pour \u00eatre regard\u00e9s comme des b\u00eates curieuses?<\/p>\n\n\n\n<p>Un dernier point \u00e0 noter, c&#8217;est que la flamme qui animait les Tunisiens d&#8217;avant l&#8217;Ind\u00e9pendance n&#8217;est pas morte. Il s&#8217;agit de la r\u00e9veiller pour une cause juste et noble et d&#8217;emp\u00eacher certains de s&#8217;en emparer pour l&#8217;exploiter \u00e0 des fins obscures. <\/p>\n\n\n\n<p>Puisse un Etat palestinien surgir de cette guerre! Puisse le peuple d&#8217;Irak pardonner \u00e0 ses gouvernants!<\/p>\n","protected":false},"excerpt":{"rendered":"<p>Comme Che Guevara, Martin\u00a0 Luther King, Mehdi\u00a0Ben Barka\u00a0et tant d&#8217;autres, Saddam Hussein sera \u00e9limin\u00e9 pour avoir touch\u00e9 aux\u00a0int\u00e9r\u00eats\u00a0des grands et des puissants. Une\u00a0exp\u00e9dition\u00a0 punitive est r\u00e9serv\u00e9e \u00e0 quiconque, dans\u00a0le\u00a0Tiers-Monde rel\u00e8vera le front. Qu&#8217;on se le dise, et \u00e0 bon entendeur, sa\u00adlut! On ne l\u00e9sinera pas sur les moyens. Seule la fin co\u00admpte. Triste victoire pour&#8230;<\/p>\n","protected":false},"author":1,"featured_media":0,"comment_status":"open","ping_status":"open","sticky":false,"template":"","format":"standard","meta":[],"categories":[1],"tags":[],"_links":{"self":[{"href":"http:\/\/emnadaf.cluster029.hosting.ovh.net\/index.php\/wp-json\/wp\/v2\/posts\/150"}],"collection":[{"href":"http:\/\/emnadaf.cluster029.hosting.ovh.net\/index.php\/wp-json\/wp\/v2\/posts"}],"about":[{"href":"http:\/\/emnadaf.cluster029.hosting.ovh.net\/index.php\/wp-json\/wp\/v2\/types\/post"}],"author":[{"embeddable":true,"href":"http:\/\/emnadaf.cluster029.hosting.ovh.net\/index.php\/wp-json\/wp\/v2\/users\/1"}],"replies":[{"embeddable":true,"href":"http:\/\/emnadaf.cluster029.hosting.ovh.net\/index.php\/wp-json\/wp\/v2\/comments?post=150"}],"version-history":[{"count":1,"href":"http:\/\/emnadaf.cluster029.hosting.ovh.net\/index.php\/wp-json\/wp\/v2\/posts\/150\/revisions"}],"predecessor-version":[{"id":151,"href":"http:\/\/emnadaf.cluster029.hosting.ovh.net\/index.php\/wp-json\/wp\/v2\/posts\/150\/revisions\/151"}],"wp:attachment":[{"href":"http:\/\/emnadaf.cluster029.hosting.ovh.net\/index.php\/wp-json\/wp\/v2\/media?parent=150"}],"wp:term":[{"taxonomy":"category","embeddable":true,"href":"http:\/\/emnadaf.cluster029.hosting.ovh.net\/index.php\/wp-json\/wp\/v2\/categories?post=150"},{"taxonomy":"post_tag","embeddable":true,"href":"http:\/\/emnadaf.cluster029.hosting.ovh.net\/index.php\/wp-json\/wp\/v2\/tags?post=150"}],"curies":[{"name":"wp","href":"https:\/\/api.w.org\/{rel}","templated":true}]}}