{"id":152,"date":"2021-05-11T16:57:57","date_gmt":"2021-05-11T14:57:57","guid":{"rendered":"http:\/\/emnadaf.cluster029.hosting.ovh.net\/?p=152"},"modified":"2021-05-14T11:10:45","modified_gmt":"2021-05-14T09:10:45","slug":"lheure-de-verite","status":"publish","type":"post","link":"http:\/\/emnadaf.cluster029.hosting.ovh.net\/index.php\/2021\/05\/11\/lheure-de-verite\/","title":{"rendered":"L&#8217;heure de v\u00e9rit\u00e9"},"content":{"rendered":"\n<p>Les Occidentaux refusent d&#8217;avouer que la guerre qui les oppose \u00e0 l&#8217;Irak est une guerre des puissants contre les faibles, des riches contre les pauvres. ll faut les comprendre: il est difficile de reconna\u00eetre qu&#8217;apr\u00e8s avoir&nbsp; institu\u00e9,&nbsp; voil\u00e0 plus de deux si\u00e8cles, la d\u00e9moc\u00adratie, ils agissent en f\u00e9odaux.<\/p>\n\n\n\n<p>Les Occidentaux, qui pilon\u00adnent l&#8217;Irak sans arr\u00eat, me font peur. N&#8217;est-ce pas l&#8217;un des leurs qui&nbsp; a&nbsp; \u00e9crit,&nbsp;&nbsp;au&nbsp; XVI\u00e8&nbsp; si\u00e8cle; \u00abScience sans conscience n&#8217;est que ruine de l&#8217;\u00e2me\u00bb ? Ils poss\u00e8dent la technologie, certes, mais quand on se prend&nbsp; \u00e0 pratiquer les&nbsp;razzias, quand on accepte et qu&#8217;on l\u00e9gitime de transformer \u00ables enfants de la\u00b7 Patrie\u00bb en mercenaires, il faut bien se rendre \u00e0 l&#8217;\u00e9vidence que cette civilisation est en d\u00e9ca\u00addence morale.<\/p>\n\n\n\n<p>Le comportement des Occi\u00addentaux ne doit pas nous \u00e9ton\u00adner. Leur sauvagerie pendant la seconde guerre mondiale n&#8217;est pas une l\u00e9gende. D&#8217;ailleurs, eux-m\u00eames ne l&#8217;oublient pas; la preuve est qu&#8217;ils essaient en\u00adcore et toujours de se racheter, aupr\u00e8s des fils des Juifs qu&#8217;ils ont&nbsp;mis&nbsp;dans&nbsp;les&nbsp; chambres \u00e0 gaz et&nbsp;dans&nbsp;les&nbsp;fours cr\u00e9ma\u00adtoires. Leur culpabilit\u00e9 est rest\u00e9e&nbsp; si profonde qu&#8217;elle les laisse \u00abneutres\u00bb, voire tol\u00e9rants en\u00advers les&nbsp; massacres quotidiens de Palestiniens&nbsp; par&nbsp; les Isra\u00e9liens.<\/p>\n\n\n\n<p>En&nbsp; fait,&nbsp; que&nbsp; reprochent-ils \u00e0 M. Saddam Hussein?<\/p>\n\n\n\n<p>C&#8217;est de :&#8217;\u00eatre empar\u00e9 du Koweit, qu&#8217;ils avaient d\u00e9j\u00e0 colonis\u00e9 plus qu&#8217;\u00e0 moiti\u00e9, Il leur a fauch\u00e9 l&#8217;herbe sous les pieds. <\/p>\n\n\n\n<p><strong><em>L&#8217;ONU <\/em><\/strong><strong><em>et ses <\/em><\/strong><strong><em>limites<\/em><\/strong><strong><em><\/em><\/strong><\/p>\n\n\n\n<p>Ce n&#8217;est pas parce qu&#8217;un invit\u00e9&nbsp;a d\u00e9clar\u00e9&nbsp;sur&nbsp;Antenne&nbsp;2, \u00e0 \u00abl&#8217;Heure de v\u00e9rit\u00e9\u00bb, que les S\u00e9\u00adn\u00e9galais sont ses cousins (comble de l&#8217;hypocrisie, ne serait-ce que par le contraste des cou\u00ad leurs), comme Bokassa le dia\u00admantaire fut celui de Giscard, que les&nbsp;peuples&nbsp;du&nbsp;&nbsp;Tiers\u00ad Monde croient en sa sinc\u00e9rit\u00e9. Ses propos \u00e9taient aussi vrais qu&#8217;une fausse facture.<\/p>\n\n\n\n<p>En effet, le Tiers-Monde a compris depuis longtemps que les pays riches n&#8217;ont&nbsp; renonc\u00e9 aux principes&nbsp;colonisateurs qu&#8217;en apparence, et qu&#8217;ils ont invent\u00e9 l&#8217;ONU, \u00abce machin \u00bb comme l&#8217;appelait le G\u00e9n\u00e9ral de Gaulle, pour le soumettre dans les r\u00e8gles de l&#8217;art.<\/p>\n\n\n\n<p>En effet, \u00e0 bien consid\u00e9rer la composition&nbsp; de&nbsp; ce&nbsp;\u00abmachin\u00bb qui se transforme parfois en machine \u00e0 broyer les peuples faibles, on ne. peut honn\u00eatement consid\u00e9rer que toutes ses d\u00e9cisions sont l\u00e9gitimes et opposables aux pays du Tiers\u00ad Monde.&nbsp;Nul n&#8217;ignore&nbsp;que l&#8217;ONU&nbsp;est&nbsp;manipul\u00e9e&nbsp;&nbsp;par &nbsp;les pays permanents et dominants. Ils sont l\u00e9gislateurs, jug\u00ades et policiers.<\/p>\n\n\n\n<p>L&#8217;Etat d&#8217;Isra\u00ebl se moque bien de l&#8217;ONU puisqu&#8217;il est le fils ch\u00e9ri des USA. Il sait que tant que la constitution de l&#8217;ONU ne change pas, il b\u00e9n\u00e9ficiera de l&#8217;impunit\u00e9.<\/p>\n\n\n\n<p>Ainsi, il apparait \u00e9vident&nbsp; que l&#8217;injustice restera de mise tant qu&#8217;il y aura \u00e0 l&#8217;ONU les pays riches au sommet, et les autres, quantit\u00e9 n\u00e9gligeable.<\/p>\n\n\n\n<p>M. Saddam<strong> <\/strong>Hussein &nbsp;r\u00e9fute les d\u00e9cisions de l&#8217;ONU, les es\u00adtimant \u00e0 leur juste valeur, par\u00adtiales, ill\u00e9gitimes et vici\u00e9es \u00e0 la base. Pour cette question pr\u00e9\u00adcise, je consid\u00e8re le chef&nbsp; de l&#8217;Etat irakien comme le Sparta\u00adcus de la fin de ce si\u00e8cle.&nbsp; Il s&#8217;est lev\u00e9 et a d\u00e9sign\u00e9 du doigt, le d\u00e9voilant aux pays du Tiers-Monde, un de ses bourreaux , l&#8217;ONU ainsi compos\u00e9e. C&#8217;est aux pays du Tiers-Monde d&#8217;\u0153uvrer pour le r\u00e9tablissement de la justice au sein de l&#8217;ONU.<\/p>\n\n\n\n<p>On s&#8217;\u00e9tonne d&#8217;entendre des Tunisiens, sp\u00e9cialistes en droit international, tergiverser sur la n\u00e9cessit\u00e9 du respect des lois \u00e9tablies par les forts pour les forts.<\/p>\n\n\n\n<p><strong><em>Contre la guerre<\/em><\/strong><strong><em><\/em><\/strong><\/p>\n\n\n\n<p>Notre \u00abamie \u00bb la France veut nous persuader qu&#8217;elle d\u00e9fend les Arabes du Koweit et d&#8217;Arabe saoudite, nos fr\u00e8res(?) contre les Irakiens nos autres fr\u00e8res arabes. Quelle ignorance d\u00e9sastreuse de la civilisation arabe!&nbsp; Les&nbsp; Occidentaux&nbsp;&nbsp;ne comprennent- ils donc jamais rien aux civilisations qui leur sont \u00e9trang\u00e8res? Quel manque de psychologie et de&nbsp; culture! La famille arabe refuse visc\u00e9\u00adralement que des \u00e9trangers s&#8217;immiscent dans ses affaires, selon le principe : \u00abMoi contre mon fr\u00e8re et moi contre mon cousin, et nous tous contre l&#8217;\u00e9tranger\u00bb.<\/p>\n\n\n\n<p>Un jour, les armes se tairont. Cela permettra-t-il de croire que nous oublierons la position actuelle de la France, si&nbsp;solidaire de nos ennemis? Je crois que, dans cette guerre provo\u00adqu\u00e9e par les Etats-Unis, ce&nbsp;sont les&nbsp;&nbsp;pays&nbsp;&nbsp; du Maghreb&nbsp;et l&#8217;Europe qui seront le dindon de la farce .<\/p>\n\n\n\n<p>Tout de m\u00eame, je voudrais rappeler aux Arabes du Mach\u00adrek, qui ont tendance&nbsp; \u00e0&nbsp; traiter les Maghr\u00e9bins de vassaux de l&#8217;Occident, qui leur reprochent leur biculturalisme, que ce sont les Maghr\u00e9bin s qui soutien\u00adnent l&#8217;Irak, malgr\u00e9 leurs petits moyens et avec tous les risques \u00e9conomiques&nbsp; qu&#8217;ils&nbsp; encourent.<\/p>\n\n\n\n<p>Par ailleurs, en mon nom propre et en&nbsp; ma&nbsp; qualit\u00e9 d&#8217;avocate, je d\u00e9clare \u00eatre tr\u00e8s honor\u00e9e d&#8217;avoir un jour \u00e0 d\u00e9\u00adfendre&nbsp; M. Gilles&nbsp;Perrault.&nbsp; Tout le monde&nbsp; sait qu&#8217;il&nbsp;a&nbsp;pris&nbsp;dans un livre la d\u00e9fense de personnes arabes &nbsp;opprim\u00e9es, &nbsp;et \u00e0 la m\u00e9moire d&#8217;une amie morte \u00e0&nbsp; la fleur de l&#8217;\u00e2ge d&#8217;un cancer, au nom de&nbsp;&nbsp; tous ceux qui&nbsp;sont&nbsp;atteints par ce mal ou d&#8217;autres maux et qui veulent vivre, et qui&nbsp;voient&nbsp;la&nbsp;fortune&nbsp;de l&#8217;Humanit\u00e9 dilapid\u00e9e dans les guerres.<\/p>\n\n\n\n<p>En ma qualit\u00e9 de m\u00e8re , au nom de toutes les m\u00e8res des enfants de Palestine, du Br\u00e9sil, de Calcutta&#8230;&nbsp; des squatters d&#8217;Europe, au nom de tous&nbsp; ceux qui souffrent sur la terre, je me range aupr\u00e8s&nbsp;des&nbsp; pacifistes, et je m&#8217;\u00e9rige contre la guerre. Assez ! Il faut que&nbsp;cette&nbsp;guerre cesse, et pour cela tous les peu\u00adples doivent interpeler&nbsp;le&nbsp;peu\u00adple am\u00e9ricain, faire appel \u00e0 son bon sens&nbsp;pour&nbsp;fl\u00e9chir l&#8217;intransigeance&nbsp;de&nbsp;ses&nbsp;chefs! La catastrophe guette notre plan\u00e8te, voyez la surench\u00e8re de l&#8217;utilisation des armes chi\u00admiques!<\/p>\n","protected":false},"excerpt":{"rendered":"<p>Les Occidentaux refusent d&#8217;avouer que la guerre qui les oppose \u00e0 l&#8217;Irak est une guerre des puissants contre les faibles, des riches contre les pauvres. ll faut les comprendre: il est difficile de reconna\u00eetre qu&#8217;apr\u00e8s avoir&nbsp; institu\u00e9,&nbsp; voil\u00e0 plus de deux si\u00e8cles, la d\u00e9moc\u00adratie, ils agissent en f\u00e9odaux. Les Occidentaux, qui pilon\u00adnent l&#8217;Irak sans arr\u00eat,&#8230;<\/p>\n","protected":false},"author":1,"featured_media":0,"comment_status":"open","ping_status":"open","sticky":false,"template":"","format":"standard","meta":[],"categories":[1],"tags":[],"_links":{"self":[{"href":"http:\/\/emnadaf.cluster029.hosting.ovh.net\/index.php\/wp-json\/wp\/v2\/posts\/152"}],"collection":[{"href":"http:\/\/emnadaf.cluster029.hosting.ovh.net\/index.php\/wp-json\/wp\/v2\/posts"}],"about":[{"href":"http:\/\/emnadaf.cluster029.hosting.ovh.net\/index.php\/wp-json\/wp\/v2\/types\/post"}],"author":[{"embeddable":true,"href":"http:\/\/emnadaf.cluster029.hosting.ovh.net\/index.php\/wp-json\/wp\/v2\/users\/1"}],"replies":[{"embeddable":true,"href":"http:\/\/emnadaf.cluster029.hosting.ovh.net\/index.php\/wp-json\/wp\/v2\/comments?post=152"}],"version-history":[{"count":2,"href":"http:\/\/emnadaf.cluster029.hosting.ovh.net\/index.php\/wp-json\/wp\/v2\/posts\/152\/revisions"}],"predecessor-version":[{"id":154,"href":"http:\/\/emnadaf.cluster029.hosting.ovh.net\/index.php\/wp-json\/wp\/v2\/posts\/152\/revisions\/154"}],"wp:attachment":[{"href":"http:\/\/emnadaf.cluster029.hosting.ovh.net\/index.php\/wp-json\/wp\/v2\/media?parent=152"}],"wp:term":[{"taxonomy":"category","embeddable":true,"href":"http:\/\/emnadaf.cluster029.hosting.ovh.net\/index.php\/wp-json\/wp\/v2\/categories?post=152"},{"taxonomy":"post_tag","embeddable":true,"href":"http:\/\/emnadaf.cluster029.hosting.ovh.net\/index.php\/wp-json\/wp\/v2\/tags?post=152"}],"curies":[{"name":"wp","href":"https:\/\/api.w.org\/{rel}","templated":true}]}}