{"id":155,"date":"2021-05-16T14:30:09","date_gmt":"2021-05-16T12:30:09","guid":{"rendered":"http:\/\/emnadaf.cluster029.hosting.ovh.net\/?p=155"},"modified":"2021-05-16T14:30:09","modified_gmt":"2021-05-16T12:30:09","slug":"la-justice-et-lopinion","status":"publish","type":"post","link":"http:\/\/emnadaf.cluster029.hosting.ovh.net\/index.php\/2021\/05\/16\/la-justice-et-lopinion\/","title":{"rendered":"La justice et l&#8217;opinion"},"content":{"rendered":"\n<p>L&#8217;heure est grave, et le Chef de l&#8217;Etat est garant de la stabilit\u00e9 du pays, de sa tranquillit\u00e9 et de son d\u00e9veloppement sur tous les plans. \u00a0Il est responsable du devenir du pays, comme nous tous, mais \u00e0 un degr\u00e9 su\u00adp\u00e9rieur; il a besoin de notre solidarit\u00e9, de\u00a0notre\u00a0confiance en\u00a0\u00a0lui,\u00a0de notre honn\u00eatet\u00e9 intellectuelle.<\/p>\n\n\n\n<p>Le\u00a0 pays\u00a0 est\u00a0 en\u00a0 p\u00e9ril,\u00a0 du\u00a0 moins il l&#8217;\u00e9tait. Le Pr\u00e9sident a su\u00a0 man\u0153uvrer pour \u00e9viter \u00e0 la Tunisie la pire des ca\u00adlamit\u00e9s: un\u00a0Etat\u00a0th\u00e9ocratique,\u00a0 avec toutes\u00a0les\u00a0cons\u00e9quences\u00a0de\u00a0fait\u00a0et\u00a0de\u00a0droit, allant du totalitarisme \u00e0 l&#8217;esclavage des femmes, \u00e0 la pouss\u00e9e d\u00e9mographique, au r\u00e8gne des \u00e9mirs- \u00e9pouvantails et des gueux.<\/p>\n\n\n\n<p>L&#8217;heure est grave, et tout juriste qui a \u00e9cout\u00e9 la conf\u00e9rence de presse du min\u00adistre de l&#8217;Int\u00e9rieur,&nbsp; r\u00e9v\u00e9lant le complot des int\u00e9gristes,&nbsp;&nbsp;ne&nbsp;peut s&#8217;arr\u00eater aux mots. Une certaine construction de la pens\u00e9e, acquise \u00e0 la manipulation du droit, p\u00e9nal surtout, lui fait penser tout de suite aux articles 69-72-74 et 76 du Code p\u00e9nal.<\/p>\n\n\n\n<p>Ainsi, l&#8217;article 69 dispose: \u00abIl y a complot d\u00e8s que&nbsp; la r\u00e9solution d&#8217;agir est concert\u00e9e et arr\u00eat\u00e9e entre deux per\u00adsonnes ou plus\u00bb.<\/p>\n\n\n\n<p>L&#8217;article 72 : est puni de mort l&#8217;attentat ayant pour but de changer la forme du gouvernement,\u00a0d&#8217;inciter les habitants\u00a0 \u00e0 s&#8217;armer\u00a0 les\u00a0uns\u00a0contre les autres\u00a0ou\u00a0de\u00a0porter\u00a0le\u00a0d\u00e9sordre,\u00a0 le meurtre et le pillage sur le territoire tunisien\u00bb.<\/p>\n\n\n\n<p>L&#8217;article 74 :\u00a0 \u00abEst puni de\u00a0 mort qui\u00adconque\u00a0 rassemble\u00a0et\u00a0arme des bandes ou\u00a0 se\u00a0 met\u00a0 \u00e0 la\u00a0 t\u00eate\u00a0 de\u00a0 bandes\u00a0 dans\u00a0 le but soit de piller&#8230; soit enfin d&#8217;attaquer la\u00a0 force\u00a0 publique\u00a0 agissant\u00a0 contre\u00a0 les auteurs de ces attentats ou de lui faire r\u00e9sistance\u00bb.<\/p>\n\n\n\n<p>L&#8217;article 76 : \u00abEst puni de\u00a0 mort\u00a0 quiconque\u00a0 incendie,\u00a0ou\u00a0d\u00e9truit\u00a0\u00e0\u00a0l&#8217;aide d&#8217;un\u00a0 explosif,\u00a0 des \u00e9difices, des maga\u00adsins de\u00a0 munitions ou d&#8217;autres \u00a0propri\u00e9t\u00e9s\u00a0 appartenant \u00e0 l&#8217;Etat\u00bb.<\/p>\n\n\n\n<p>Et ce ne sont pas les seuls articles. Je sais que\u00a0 nul\u00a0 n&#8217;est cens\u00e9\u00a0 ignorer\u00a0 la loi mais , si je le rappelle, c&#8217;est pour mettre chacun\u00a0 devant\u00a0ses\u00a0responsabilit\u00e9s. Nous sommes libres de nos opinions, et nous devons\u00a0 les assumer jusqu&#8217;au\u00a0 bout. Je m&#8217;explique : les opinions de masse m&#8217;incommodent; elles sont comme des tableaux impressionnistes : on saisit le tout, mais pas le d\u00e9tail.<\/p>\n\n\n\n<p>Il faut que chacun de nous sorte indi\u00adviduellement\u00a0de\u00a0la\u00a0masse\u00a0et de l&#8217;ombre et\u00a0 qu&#8217;on\u00a0 voit\u00a0 bien\u00a0 son\u00a0 pouce:\u00a0\u00a0dirig\u00e9 vers le bas pour la mise \u00e0 mort, puisque tel\u00a0 est\u00a0\u00a0 le\u00a0 ch\u00e2timent\u00a0\u00a0l\u00e9gal\u00a0 des\u00a0traitres \u00e0 la\u00a0patrie,\u00a0 ou\u00a0dirig\u00e9\u00a0vers\u00a0 le\u00a0haut pour qu&#8217;on tourne la page (comme toujours, parce que les Tunisiens sont des doux, des tendres, des agneaux), ou qu&#8217;il se croise\u00a0les bras\u00a0 car\u00a0 il\u00a0 ne\u00a0veut\u00a0 pas\u00a0 se mouiller (il ne faut pas cracher sur l&#8217;avenir, n&#8217;est-ce pas?). <\/p>\n\n\n\n<p>Je suis s\u00fbre que M. Ben Ali n&#8217;a aucun ressentiment particulier. Il a \u00e9vit\u00e9 au pays la guerre civile, c&#8217;est aux citoyens de d\u00e9fendre leur forme de soci\u00e9t\u00e9. Si le peuple veut la D\u00e9mocratie, qu&#8217;il arr\u00eate de chercher des boucs \u00e9missaires parmi ses dirigeants. Il doit choisir entre un Etat th\u00e9ocratique sous le r\u00e8gne des mollahs et de la Charia\u00e2, et une soci\u00e9t\u00e9 moderne guid\u00e9e par l&#8217;islam. Il doit r\u00e9aliser tout seul s&#8217;il est en \u00e9tat de l\u00e9gitime d\u00e9fense ou non<strong>.<\/strong> <\/p>\n\n\n\n<p>Ce complot implique trois cents personnes; si les \u00e9l\u00e9ments des infractions sont vraiment r\u00e9unis, les juges devront appliquer la loi. Les peines sont tr\u00e8s graves: remplir les prisons \u00e0 perp\u00e9tuit\u00e9 ou envoyer des \u00eatres humains \u00e0 la potence n&#8217;est pas simple. C&#8217;est pour cela qu&#8217;il faut \u00eatre prudent: seules les lois devront trancher, car nous sommes un Etat de droit.<\/p>\n\n\n\n<p>Quand la justice rendra son verdict, de l&#8217;acquittement \u00e0 la peine de mort, elle n&#8217;aura fait que d\u00e9fendre la soci\u00e9t\u00e9 sur laquelle elle veille.<\/p>\n\n\n\n<p>Que toutes les ligues des droits de l&#8217;homme, qu&#8217;Amnesty International, que la presse \u00e9trang\u00e8re s&#8217;en m\u00ealent, cela ne doit pas nous d\u00e9ranger. Tant que la loi est respect\u00e9e, tant que la proc\u00e9dure est rigoureusement suivie, la Justice reste souveraine. Dieu merci, il n&#8217;y a plus de pr\u00e9sident de tribunal fantoche, ni de proc\u00e8s pr\u00e9fabriqu\u00e9s. Je n&#8217;ai pas l&#8217;ombre d&#8217;un doute que tout se passera dans la l\u00e9galit\u00e9.<\/p>\n\n\n\n<p>Ma\u00eetre Mourou est plac\u00e9 dans le collimateur d&#8217;un journal de la place. J&#8217;ignore s&#8217;il est impliqu\u00e9 dans le d\u00e9sir de d\u00e9stabilisation du pays; j&#8217;ignore tout de ses activit\u00e9s. Il est juste pour moi un confr\u00e8re dont j&#8217;appr\u00e9cie la courtoisie, le savoir-vivre et l&#8217;intelligence. Cependant, je tiens \u00e0 dire qu&#8217;avant de jeter quelqu&#8217;un en p\u00e2ture au public, avant de commanditer un lynchage m\u00e9diatique, on doit s&#8217;assurer qu&#8217;on est en droit de le faire. C&#8217;est la Justice qui d\u00e9cide de la culpabilit\u00e9.<\/p>\n\n\n\n<p>Et on ne doit pas oublier que nous sommes tous pr\u00e9sum\u00e9s innocents jusqu&#8217;\u00e0 preuve du contraire.<\/p>\n","protected":false},"excerpt":{"rendered":"<p>L&#8217;heure est grave, et le Chef de l&#8217;Etat est garant de la stabilit\u00e9 du pays, de sa tranquillit\u00e9 et de son d\u00e9veloppement sur tous les plans. \u00a0Il est responsable du devenir du pays, comme nous tous, mais \u00e0 un degr\u00e9 su\u00adp\u00e9rieur; il a besoin de notre solidarit\u00e9, de\u00a0notre\u00a0confiance en\u00a0\u00a0lui,\u00a0de notre honn\u00eatet\u00e9 intellectuelle. Le\u00a0 pays\u00a0 est\u00a0&#8230;<\/p>\n","protected":false},"author":1,"featured_media":0,"comment_status":"open","ping_status":"open","sticky":false,"template":"","format":"standard","meta":[],"categories":[1],"tags":[],"_links":{"self":[{"href":"http:\/\/emnadaf.cluster029.hosting.ovh.net\/index.php\/wp-json\/wp\/v2\/posts\/155"}],"collection":[{"href":"http:\/\/emnadaf.cluster029.hosting.ovh.net\/index.php\/wp-json\/wp\/v2\/posts"}],"about":[{"href":"http:\/\/emnadaf.cluster029.hosting.ovh.net\/index.php\/wp-json\/wp\/v2\/types\/post"}],"author":[{"embeddable":true,"href":"http:\/\/emnadaf.cluster029.hosting.ovh.net\/index.php\/wp-json\/wp\/v2\/users\/1"}],"replies":[{"embeddable":true,"href":"http:\/\/emnadaf.cluster029.hosting.ovh.net\/index.php\/wp-json\/wp\/v2\/comments?post=155"}],"version-history":[{"count":1,"href":"http:\/\/emnadaf.cluster029.hosting.ovh.net\/index.php\/wp-json\/wp\/v2\/posts\/155\/revisions"}],"predecessor-version":[{"id":156,"href":"http:\/\/emnadaf.cluster029.hosting.ovh.net\/index.php\/wp-json\/wp\/v2\/posts\/155\/revisions\/156"}],"wp:attachment":[{"href":"http:\/\/emnadaf.cluster029.hosting.ovh.net\/index.php\/wp-json\/wp\/v2\/media?parent=155"}],"wp:term":[{"taxonomy":"category","embeddable":true,"href":"http:\/\/emnadaf.cluster029.hosting.ovh.net\/index.php\/wp-json\/wp\/v2\/categories?post=155"},{"taxonomy":"post_tag","embeddable":true,"href":"http:\/\/emnadaf.cluster029.hosting.ovh.net\/index.php\/wp-json\/wp\/v2\/tags?post=155"}],"curies":[{"name":"wp","href":"https:\/\/api.w.org\/{rel}","templated":true}]}}