{"id":157,"date":"2021-05-16T15:45:08","date_gmt":"2021-05-16T13:45:08","guid":{"rendered":"http:\/\/emnadaf.cluster029.hosting.ovh.net\/?p=157"},"modified":"2021-05-16T15:45:08","modified_gmt":"2021-05-16T13:45:08","slug":"le-chant-des-sirenes","status":"publish","type":"post","link":"http:\/\/emnadaf.cluster029.hosting.ovh.net\/index.php\/2021\/05\/16\/le-chant-des-sirenes\/","title":{"rendered":"Le chant des sir\u00e8nes"},"content":{"rendered":"\n<p>M. Ahjouri\u00a0d\u00e9\u00adsigne\u00a0\u00a0\u00e0\u00a0la\u00a0 vindicte\u00a0publique le professeur Mohamed Charfi, du bout de sa plume, comme un indica\u00adteur d\u00e9signe un truand du bout de son doigt,\u00a0et\u00a0le soin est laiss\u00e9 aux autres d&#8217;achever le sale boulot. . . Quel\u00a0\u00a0 bon\u00a0ap\u00f4tre ! Les sentiments que j&#8217;\u00e9\u00adprouve pour M.\u00a0Charfi sont\u00a0un\u00a0m\u00e9lange\u00a0 de respect\u00a0 qu&#8217;un\u00a0 \u00e9l\u00e8ve\u00a0 voue pour l&#8217;\u00e9ternit\u00e9 \u00e0\u00a0son ma\u00eetre\u00b7 (je n&#8217;y peux rien , tradition oblige) et\u00a0de reconnaissance: aussi paradoxal que\u00a0cela puisse para\u00eetre, il m&#8217; avait coll\u00e9 pour un demi-point :\u00a0 je l&#8217;aurais bouff\u00e9 cru sur l&#8217;heure avec la volupt\u00e9 de mes vingt-cinq ans ! Mais ce demi-point me fut une le\u00e7on pour la vie : il fallait apprendre \u00e0 \u00eatre pr\u00eate \u00e0 l&#8217;heure.\u00a0 J&#8217;appris\u00a0 aussi \u00a0que les examens avec leurs an\u00adgoisses abominables\u00a0 sont non seulement une v\u00e9rifi\u00adcation du savoir, mais sur\u00adtout\u00a0des \u00e9preuves\u00a0\u00e0 d\u00e9pas\u00adser dans notre vie quoti\u00addienne.<\/p>\n\n\n\n<p>Ainsi, il\u00a0 serait\u00a0 accus\u00e9 d&#8217;\u00eatre \u00ab un collabo \u00bb de l&#8217;ancien r\u00e9gime. C&#8217;est une mode d\u00e9cid\u00e9ment que de traiter les autres de colla\u00adborateurs. Cela sent la d\u00e9lation import\u00e9e sur un ta\u00adpis persan ! Cela\u00a0me donne\u00a0froid\u00a0au dos.<\/p>\n\n\n\n<p>M . Charfi est\u00a0 \u00ab\u00a0d\u00e9non\u00adc\u00e9 \u00bb comme \u00e9tant un la\u00efque je cours ouvrir mon dictionnaire\u00a0\u00a0pour\u00a0\u00a0conna\u00eetre la\u00a0\u00a0d\u00e9finition\u00a0de\u00a0ce\u00a0mot : \u00ab Qui n&#8217; appartient pas au clerg\u00e9 \u00bb. Ainsi , il est accu\u00ads\u00e9 de\u00a0n&#8217;\u00eatre\u00a0pas\u00a0un ayatol\u00adlah tunisien ! Il\u00a0 ne\u00a0 forme\u00adra pas\u00a0en tant que ministre de l&#8217;Education nationale des\u00a0petits\u00a0\u00a0 pasdarans, cachet\u00e9s\u00a0\u00a0en\u00a0Barbarie,\u00a0plus fanatis\u00e9s\u00a0que\u00a0les\u00a0origi\u00adnaux.<\/p>\n\n\n\n<p>Voil\u00e0\u00a0donc\u00a0les chefs d&#8217;accusation :\u00a0 M.\u00a0 Charfi est l&#8217;homme \u00e0\u00a0abattre,\u00a0la fin\u00a0\u00a0 justifie\u00a0 les\u00a0 moyens. Il\u00a0 serait\u00a0 \u00ab\u00a0 le\u00a0vassal\u00a0de l&#8217;Occident,\u00a0\u00a0l&#8217;ennemi\u00a0de l&#8217;identit\u00e9 arabo\u00ad-musulmane\u00bb, c&#8217;est cu\u00adrieux ! \u00a0Ce\u00a0langage nous l&#8217;avons d\u00e9 j\u00e0 entendu dans la bouche d&#8217;individus c\u00e9l\u00e8bres \u00e0 profil mental parano\u00efaque. \u00ab Parole&#8230; Pa\u00adrole&#8230;\u00a0\u00bb\u00a0 dit\u00a0la chanson. Seulement, ces paroles, cette fois nous\u00a0ne pouvons pas les laisser passer, elles nous concernent\u00a0di\u00adrectement, elles nous me\u00adnacent personnellement, nous les la\u00efques,\u00a0tax\u00e9s\u00a0 bien\u00adt\u00f4t d&#8217;h\u00e9r\u00e9tiques, et pro\u00adchainement vou\u00e9s aux b\u00fb\u00adchers.<\/p>\n\n\n\n<p>Il fut un temps o\u00f9 innocemment les la\u00efques ont cru que\u00a0 seule\u00a0la\u00a0personne\u00a0\u00a0 de Bourguiba\u00a0\u00e9tait\u00a0vis\u00e9e\u00a0(et non pas\u00a0ce\u00a0qu&#8217;il\u00a0repr\u00e9sen\u00adtait\u00a0aux\u00a0yeux\u00a0des int\u00e9gristes)\u00a0et qu&#8217;il s&#8217;agissait d&#8217;une lutte d&#8217;une classe opprim\u00e9e contre l&#8217;aveuglement\u00a0d&#8217;un\u00a0despote. Maintenant que les\u00a0 mas\u00adques sont tomb\u00e9s, ils\u00a0 r\u00e9alisent le danger\u00a0qui\u00a0me\u00adnace nos principes fonda\u00admentaux de soci\u00e9t\u00e9. lis montrent\u00a0leur\u00a0d\u00e9termina\u00adtion\u00a0\u00e0 pr\u00eater\u00a0main-forte \u00e0 l&#8217;Etat\u00a0pour\u00a0d\u00e9coder \u00ab\u00a0leurs\u00a0chants\u00a0et\u00ad sir\u00e8nes \u00bb.<\/p>\n\n\n\n<p>Les\u00a0motions\u00a0\u00a0de\u00a0soutien \u00e0 M.\u00a0 Charfi\u00a0ne\u00a0sont\u00a0que les\u00a0pr\u00e9mices\u00a0d&#8217;une vaste prise de\u00a0conscience\u00a0 de\u00a0 la majorit\u00e9 silencieuse\u00a0\u00e0\u00a0se mobiliser\u00a0pour\u00a0la\u00a0 paix\u00a0 du pays. A\u00a0propos,\u00a0\u00a0j&#8217;ai\u00a0trouv\u00e9 dans ma bo\u00eete aux\u00a0lettres un torchon qui veut trans\u00adformer\u00a0\u00a0le\u00a0pays\u00a0en torches\u00a0 ! Il est\u00a0sign\u00e9 \u00ab Hezb\u00a0 Ettahrir\u00a0 \u00bb\u00a0 et\u00a0 fort curieusement il d\u00e9fend comme M. Ahjouri l&#8217;iden\u00adtit\u00e9 arabo-musulmane ; certes\u00a0les\u00a0termes\u00a0\u00a0y sont tr\u00e8s\u00a0virulents\u00a0\u00a0pour \u00a0ceux qui ont un comportement non conforme \u00e0 la Chari\u00e2 et au Coran ; il bannit les capitalistes\u00a0\u00a0et\u00a0 les\u00a0\u00a0 la\u00efques, il appelle \u00e0 l&#8217;insurrection contre\u00a0les\u00a0 ennemis\u00a0de Dieu.<\/p>\n\n\n\n<p>Sans\u00a0\u00a0doute,\u00a0\u00a0r\u00e9pondra-t-on que cela n&#8217;engage que les\u00a0\u00ab\u00a0fant\u00f4mes \u00bb.<\/p>\n\n\n\n<p>Mais qu&#8217;on se mette \u00e0 ma place, moi qui suis musulmane convaincue, qui suis arabo-carthagino-maghr\u00e9bo-africaine, qui suis la\u00efque, d&#8217;apr\u00e8s la d\u00e9finition du Larousse puisque je n&#8217;appartiens \u00e0 aucun clerg\u00e9, qui suis agress\u00e9e par des torchons enflamm\u00e9s, n&#8217;ai-je pas raison de craindre pour mes principes et de la d\u00e9fendre ?<\/p>\n\n\n\n<p>J&#8217;ignore les diff\u00e9rends qui opposent M. Ahjouri \u00e0 M. Charfi. S&#8217;ils sont personnels il ne me semble pas sain qu&#8217;on les exploite, dans n&#8217;importe quel sens.<\/p>\n\n\n\n<p>Etre la\u00efque, c&#8217;est une chose, \u00eatre h\u00e9r\u00e9tique en est une autre: il faut que cela soit clair pour tous. De m\u00eame qu&#8217;\u00eatre nationaliste arabe doit \u00eatre compris diff\u00e9remment que d&#8217;\u00eatre int\u00e9griste orthodoxe.<\/p>\n\n\n\n<p>Mon Dieu, comme nous n&#8217;avons pas besoin de ces probl\u00e8mes ! Notre crise \u00e9conomique n&#8217;est-elle pas suffisante pour nous inqui\u00e9ter ! Pour nous mobiliser.<\/p>\n\n\n\n<p>Nous voulons du pain, du travail pour tous, de la libert\u00e9 aussi ! Mais pas de <strong>l&#8217;anarchie<\/strong> !!<\/p>\n","protected":false},"excerpt":{"rendered":"<p>M. Ahjouri\u00a0d\u00e9\u00adsigne\u00a0\u00a0\u00e0\u00a0la\u00a0 vindicte\u00a0publique le professeur Mohamed Charfi, du bout de sa plume, comme un indica\u00adteur d\u00e9signe un truand du bout de son doigt,\u00a0et\u00a0le soin est laiss\u00e9 aux autres d&#8217;achever le sale boulot. . . Quel\u00a0\u00a0 bon\u00a0ap\u00f4tre ! Les sentiments que j&#8217;\u00e9\u00adprouve pour M.\u00a0Charfi sont\u00a0un\u00a0m\u00e9lange\u00a0 de respect\u00a0 qu&#8217;un\u00a0 \u00e9l\u00e8ve\u00a0 voue pour l&#8217;\u00e9ternit\u00e9 \u00e0\u00a0son ma\u00eetre\u00b7 (je n&#8217;y&#8230;<\/p>\n","protected":false},"author":1,"featured_media":0,"comment_status":"open","ping_status":"open","sticky":false,"template":"","format":"standard","meta":[],"categories":[1],"tags":[],"_links":{"self":[{"href":"http:\/\/emnadaf.cluster029.hosting.ovh.net\/index.php\/wp-json\/wp\/v2\/posts\/157"}],"collection":[{"href":"http:\/\/emnadaf.cluster029.hosting.ovh.net\/index.php\/wp-json\/wp\/v2\/posts"}],"about":[{"href":"http:\/\/emnadaf.cluster029.hosting.ovh.net\/index.php\/wp-json\/wp\/v2\/types\/post"}],"author":[{"embeddable":true,"href":"http:\/\/emnadaf.cluster029.hosting.ovh.net\/index.php\/wp-json\/wp\/v2\/users\/1"}],"replies":[{"embeddable":true,"href":"http:\/\/emnadaf.cluster029.hosting.ovh.net\/index.php\/wp-json\/wp\/v2\/comments?post=157"}],"version-history":[{"count":1,"href":"http:\/\/emnadaf.cluster029.hosting.ovh.net\/index.php\/wp-json\/wp\/v2\/posts\/157\/revisions"}],"predecessor-version":[{"id":158,"href":"http:\/\/emnadaf.cluster029.hosting.ovh.net\/index.php\/wp-json\/wp\/v2\/posts\/157\/revisions\/158"}],"wp:attachment":[{"href":"http:\/\/emnadaf.cluster029.hosting.ovh.net\/index.php\/wp-json\/wp\/v2\/media?parent=157"}],"wp:term":[{"taxonomy":"category","embeddable":true,"href":"http:\/\/emnadaf.cluster029.hosting.ovh.net\/index.php\/wp-json\/wp\/v2\/categories?post=157"},{"taxonomy":"post_tag","embeddable":true,"href":"http:\/\/emnadaf.cluster029.hosting.ovh.net\/index.php\/wp-json\/wp\/v2\/tags?post=157"}],"curies":[{"name":"wp","href":"https:\/\/api.w.org\/{rel}","templated":true}]}}