{"id":159,"date":"2021-05-16T16:10:47","date_gmt":"2021-05-16T14:10:47","guid":{"rendered":"http:\/\/emnadaf.cluster029.hosting.ovh.net\/?p=159"},"modified":"2021-05-16T16:10:47","modified_gmt":"2021-05-16T14:10:47","slug":"lhomme-qui-avait-une-fleur-sous-le-chapeau","status":"publish","type":"post","link":"http:\/\/emnadaf.cluster029.hosting.ovh.net\/index.php\/2021\/05\/16\/lhomme-qui-avait-une-fleur-sous-le-chapeau\/","title":{"rendered":"&#8220;L&#8217;homme qui avait une fleur sous le chapeau&#8221;"},"content":{"rendered":"\n<p>Un jour, je fus contact\u00e9e par un pr\u00e9si\u00addent de municipalit\u00e9, dont je tairai le nom, pour ne pas le g\u00eaner, tant je sais que les hommes honn\u00eates et g\u00e9n\u00e9reux n&#8217;ont pas besoin de publicit\u00e9, surtout quand en plus, ils s&#8217;imposent par leur comp\u00e9tence.<\/p>\n\n\n\n<p>Il me demanda si j&#8217;accepterais de d\u00e9fendre un pauvre diable, balayeur de son \u00e9tat, que ses parents avaient rendu aux trois quarts dingue (que Dieu pardonne \u00e0 tous les parents et en particulier \u00e0 ceux des candidats au baccalaur\u00e9at et \u00e0 l&#8217;entr\u00e9e en premi\u00e8re ann\u00e9e secon\u00addaire) en l&#8217;obligeant \u00e0 apprendre par c\u0153ur le dictionnaire (texto) \u00e0 l&#8217;\u00e2ge de quatorze ans.<\/p>\n\n\n\n<p>Le pr\u00e9sident de la municipalit\u00e9 \u00e9tait assi\u00e9\u00adg\u00e9 par les gens du village qui croyaient en l&#8217;innocence du malheureux. Ils \u00e9taient d\u00e9cid\u00e9s \u00e0 prendre en charge les frais de justice et d&#8217;avocat et une qu\u00eate, une collecte et des dons qui vari\u00e8rent d&#8217;un dinar \u00e0 deux douzaines d&#8217;\u0153ufs, afflu\u00e8rent de ce village du c\u0153ur. La municipalit\u00e9 a suivi l&#8217;\u00e9lan de g\u00e9n\u00e9rosit\u00e9.<\/p>\n\n\n\n<p>Le pauvre diable \u00e9tait accus\u00e9 d&#8217;avoir cri\u00e9 sur la place publique qu&#8217;il tuerait un jour le Sieur <strong>X <\/strong>, entre le lever et le coucher du soleil, quand il se prosternerait devant l&#8217;\u00e9ternel dans une quelconque mosqu\u00e9e &#8211; son intention lui valut d&#8217;\u00eatre inculp\u00e9 de tentative de<strong> <\/strong>meurtre avec pr\u00e9m\u00e9ditation et \u00e9crou\u00e9 par le juge d&#8217;instruction qui se crut oblig\u00e9 de faire confiance \u00e0 un \u00e9l\u00e8ve d&#8217;Hippocrate (sans doute de ceux qui affectionnent la place du fond) qui es\u00adtima que l&#8217;accus\u00e9 \u00e9tait sain de corps et d&#8217;esprit alors qu&#8217;il est connu comme le loup blanc \u00e0 l&#8217;h\u00f4pital Razi dans lequel il a s\u00e9journ\u00e9 douze ans!<\/p>\n\n\n\n<p>Il \u00e9tait d\u00e9j\u00e0 en d\u00e9tention depuis un an sans avoir jamais vu la silhouette d&#8217;un avocat quand je l&#8217;ai rencontr\u00e9. <\/p>\n\n\n\n<p>Sa t\u00eate me plut tout de suite. Il m&#8217;inonda de paroles, de citations, d&#8217;all\u00e9gories, et de m\u00e9t\u00adaphores, il me r\u00e9cita des po\u00e8mes. Il maniait bien la grammaire fran\u00e7aise, son langage \u00e9tait ch\u00e2ti\u00e9, il parlait m\u00eame Anglais et Allemand. C&#8217;\u00e9tait le s\u00e9ducteur qui n&#8217;avait pas besoin de savoir ce que j&#8217;\u00e9tais venue lui dire &#8211; Je crois qu&#8217;il ne me voyait m\u00eame pas.<\/p>\n\n\n\n<p>Quand je lui ai parl\u00e9 d&#8217;acquittement, il ne fut pas \u00e9mu: un an en prison quand on est innocent, rien ne vous \u00e9meut plus.<\/p>\n\n\n\n<p>Je n&#8217;ai rien contre les prisons et je n&#8217;oserai pas contrarier le pr\u00e9sident de la LTDH qui ne semble pas leur trouver une grande diff\u00e9rence avec Buckingham Palace. Tout est question d&#8217;appr\u00e9ciation et de perception &#8211; C&#8217;est Descartes qui dit \u00e0 cc sujet: &#8220;Je ne crois que ce que je vois, je ne vois que ce que je regarde , et je regarde ce que je veux&#8221;.<\/p>\n\n\n\n<p>Apr\u00e8s une heure pass\u00e9e \u00e0 \u00e9couter celui que j&#8217;ai consacr\u00e9 mon client, je compris que sous son chapeau, il y avait une fleur.<\/p>\n\n\n\n<p>Il comparut devant la 11\u00e8me chambre criminelle &#8211; le Pr\u00e9sident Hedi Hajjaji partageait ma conviction &#8211; la Cour pronon\u00e7a l&#8217;acquittement et la lib\u00e9ration sur le champ.<\/p>\n\n\n\n<p>Mon client se mit au garde \u00e0 vous claqua des talons et clama en directions de la Cour.<\/p>\n\n\n\n<p>&#8220;Je vous fais le salut Bourguibien Mr le pr\u00e9sident&#8221;<\/p>\n\n\n\n<p>Oh ! mis\u00e9re ! j&#8217;ai cru m&#8217;\u00e9vanouir, et s&#8217;il allait \u00eatre re-\u00e9pingl\u00e9?!!<\/p>\n\n\n\n<p>Mais heureusement, nous sommes en d\u00e9mocratie; d&#8217;ailleurs l&#8217;humour ne rend-il pas fou?<\/p>\n\n\n\n<p>Depuis, j&#8217;adore ce village suspendu \u00e0 la colline verdoyante qui fait face \u00e0 la mer, l&#8217;immensit\u00e9 de celle-ci est \u00e9gale  l&#8217;immensit\u00e9 de la bont\u00e9 et de la g\u00e9n\u00e9rosit\u00e9 des villageois.<\/p>\n\n\n\n<p>Un jour, j&#8217;ai entendu\u00a0une dame, bourgeoise tunisoise, dire \u00e0 l&#8217;ex Pr\u00e9sident: &#8220;Oh, j&#8217;adore Monastir, je prendrai bien la na\u00adtionalit\u00e9 monastirienne&#8221;.<\/p>\n\n\n\n<p>A l&#8217;\u00e9poque, Monastir \u00e9tait une petite bourgade et les propos de la dame \u00e9taient aussi sinc\u00e8res qu&#8217;une fausse facture. Mais je suis sinc\u00e8re en vous disant que j&#8217;ai succomb\u00e9 aux charmes de ces patelins si mal connus du Nord du pays, encore purs, encore simples, encore propres moralement et mat\u00e9riellement. J&#8217;y passe mes vacances, et je veux remercier les marchands de l\u00e9gumes qui m&#8217;accueillent avec courtoisie et gentillesse, me laissant choisir mes l\u00e9gumes. Le boucher qui ne me refile pas en un tour de passe-passe un os ou une masse de graisse, la laborieuse petite marchande de jasmin, dont le bouquet<strong> <\/strong>est touffu et bon march\u00e9, je remercie les commer\u00e7ants et les petites gens pour leur accueil chaleureux et d\u00e9sint\u00e9ress\u00e9 &#8211; Je suis \u00a0une quidam heureuse de Ras-el-Jebal, de Raf-Raf , ces villes o\u00f9 le tourisme n&#8217;est pas encore arri\u00adv\u00e9 &#8211; on y voit m\u00eame des post-ministres, des ministres en exercice et des ministres proba\u00adbles s&#8217;y promener, m\u00eal\u00e9s au commun des mortels &#8211; J&#8217;ai m\u00eame vu un polytechnicien avec une bouteille de gaz sur l&#8217;\u00e9paule.<\/p>\n\n\n\n<p>Croyez &#8211; moi , cela existe!!<\/p>\n\n\n\n<p>Pourtant, pourtant, on dit que des loups ne sont pas loin, ils r\u00f4dent autour de ces sites, ils veulent les violer en y faisant entrer les pots de vins, les magouilles.<\/p>\n\n\n\n<p>Rassurez-vous, l&#8217;association de protection du site de Raf- Raf veille, son pr\u00e9sident le Docteur Sarray, assist\u00e9 de tous les habitants de Raf-Raf, rive gauche, rive droite, et particuli\u00e8rement de Madame Ingrid, s&#8217;activent pour conserver la beaut\u00e9 et la propret\u00e9 du site, tant morale que mat\u00e9rielle. <\/p>\n\n\n\n<p>Ne manquez pas le prochain num\u00e9ro, vous saurez \u00e0 c\u0153ur ouvert tout ce que peu\u00advent faire les d\u00e9fenseurs de l&#8217;environnement, les \u00e9cologistes de Raf-Raf de tous bords.<\/p>\n","protected":false},"excerpt":{"rendered":"<p>Un jour, je fus contact\u00e9e par un pr\u00e9si\u00addent de municipalit\u00e9, dont je tairai le nom, pour ne pas le g\u00eaner, tant je sais que les hommes honn\u00eates et g\u00e9n\u00e9reux n&#8217;ont pas besoin de publicit\u00e9, surtout quand en plus, ils s&#8217;imposent par leur comp\u00e9tence. Il me demanda si j&#8217;accepterais de d\u00e9fendre un pauvre diable, balayeur de&#8230;<\/p>\n","protected":false},"author":1,"featured_media":0,"comment_status":"open","ping_status":"open","sticky":false,"template":"","format":"standard","meta":[],"categories":[1],"tags":[],"_links":{"self":[{"href":"http:\/\/emnadaf.cluster029.hosting.ovh.net\/index.php\/wp-json\/wp\/v2\/posts\/159"}],"collection":[{"href":"http:\/\/emnadaf.cluster029.hosting.ovh.net\/index.php\/wp-json\/wp\/v2\/posts"}],"about":[{"href":"http:\/\/emnadaf.cluster029.hosting.ovh.net\/index.php\/wp-json\/wp\/v2\/types\/post"}],"author":[{"embeddable":true,"href":"http:\/\/emnadaf.cluster029.hosting.ovh.net\/index.php\/wp-json\/wp\/v2\/users\/1"}],"replies":[{"embeddable":true,"href":"http:\/\/emnadaf.cluster029.hosting.ovh.net\/index.php\/wp-json\/wp\/v2\/comments?post=159"}],"version-history":[{"count":1,"href":"http:\/\/emnadaf.cluster029.hosting.ovh.net\/index.php\/wp-json\/wp\/v2\/posts\/159\/revisions"}],"predecessor-version":[{"id":160,"href":"http:\/\/emnadaf.cluster029.hosting.ovh.net\/index.php\/wp-json\/wp\/v2\/posts\/159\/revisions\/160"}],"wp:attachment":[{"href":"http:\/\/emnadaf.cluster029.hosting.ovh.net\/index.php\/wp-json\/wp\/v2\/media?parent=159"}],"wp:term":[{"taxonomy":"category","embeddable":true,"href":"http:\/\/emnadaf.cluster029.hosting.ovh.net\/index.php\/wp-json\/wp\/v2\/categories?post=159"},{"taxonomy":"post_tag","embeddable":true,"href":"http:\/\/emnadaf.cluster029.hosting.ovh.net\/index.php\/wp-json\/wp\/v2\/tags?post=159"}],"curies":[{"name":"wp","href":"https:\/\/api.w.org\/{rel}","templated":true}]}}