{"id":164,"date":"2021-05-19T15:46:13","date_gmt":"2021-05-19T13:46:13","guid":{"rendered":"http:\/\/emnadaf.cluster029.hosting.ovh.net\/?p=164"},"modified":"2021-05-23T15:35:46","modified_gmt":"2021-05-23T13:35:46","slug":"le-procureur-de-la-republique-cet-inconnu","status":"publish","type":"post","link":"http:\/\/emnadaf.cluster029.hosting.ovh.net\/index.php\/2021\/05\/19\/le-procureur-de-la-republique-cet-inconnu\/","title":{"rendered":"Le Procureur de la R\u00e9publique : cet inconnu"},"content":{"rendered":"\n<p>Cela fait longtemps que je r\u00e9\u00ad prime le d\u00e9sir d&#8217;\u00e9crire un&nbsp; article sur le parquet de&nbsp; Tunis.&nbsp; Mettre mes mains dans l&#8217;antre du lion et lui tirer les moustaches me parais\u00ad sait relever de la t\u00e9m\u00e9rit\u00e9, surtout pour une m\u00e8re de famille. Sans compter que la plume d&#8217;un procu\u00ad reur de la R\u00e9publique est plus per\u00ad suasive et plus fulgurante que celle d&#8217;une journaliste.<\/p>\n\n\n\n<p>Tout compte fait, passer l&#8217;\u00e9t\u00e9&nbsp;\u00e0 l&#8217;ombre n&#8217;est pas si dramatique, et on peut m\u00eame acqu\u00e9rir un com\u00adpl\u00e9ment de formation. D&#8217;ailleurs les d\u00e9s sont jet\u00e9s : on y va ! Mais voici que ma main se met \u00e0 trem\u00adbler, sans doute \u00e0 la probabilit\u00e9 de porter un bracelet en acier. Elle se transforme en \u00e9ventail.<\/p>\n\n\n\n<p>&#8211; Mais, tu trembles, carcasse ? m&#8217;exclam\u00e9-je \u00e0 son&nbsp; intention&nbsp; !&nbsp; tu ne me fais&nbsp; donc&nbsp; plus&nbsp; confiance&nbsp; ? ne sommes-nous pas en D\u00e9mocratie ? et la libert\u00e9 d&#8217;opinion ? et la libert\u00e9&nbsp;d&#8217;ex pression,&nbsp;alors&nbsp;? &nbsp;Je comprends, tu&nbsp; te demandes ce que je vais encore sortir cette fois&nbsp; ! Mais, la v\u00e9rit\u00e9, toute la v\u00e9rit\u00e9, rien que&nbsp; la v\u00e9rit\u00e9&nbsp; ! comme toujours !<\/p>\n\n\n\n<p>Les questions que je me pose sont les suivantes&nbsp; : Qui&nbsp; se&nbsp; plaint au Procureur ? Qui se plaint du Procureur <em>? <\/em>Qui plaint le&nbsp; Procu\u00adreur <em>?<\/em><\/p>\n\n\n\n<p>Qui se plaint&nbsp; au Procureur de la R\u00e9publique <em>? <\/em>Vous pouvez vous en \u00e9tonner mais la r\u00e9ponse est,&nbsp; tout&nbsp; le&nbsp; monde&nbsp; ou&nbsp;&nbsp; presque&nbsp; :&nbsp; &nbsp;les femmes&nbsp; battues,&nbsp; les&nbsp; femmes qui se battent ; les victimes des voleurs, les voleurs des victimes : les p\u00e8res des fils, les fils des p\u00e8res ; les m\u00e8\u00adres c\u00e9libataires, les m\u00e8res des c\u00e9li\u00adbataires ; les personnes bafou\u00e9es ou qui croient l&#8217;\u00eatre&nbsp;;&nbsp;les&nbsp; forts pour \u00e9craser les faibles, les faibles pour se pr\u00e9munir des forts ; m\u00eame l&#8217;\u00c9tat y passe.<\/p>\n\n\n\n<p>La jungle sociale est le champ d&#8217;action du Procureur. Il est aussi \u00e9tendu que l&#8217;imagination humaine, que la perversion primaire ou raffi\u00adn\u00e9e, que la na\u00efvet\u00e9 des uns et les fourberies&nbsp;des autres.<\/p>\n\n\n\n<p>Les plaintes d\u00e9pos\u00e9es quoti\u00addiennement au parquet, premi\u00e8re plainte ou dixi\u00e8me rappel du mois de la m\u00eame plainte, sont de l&#8217;ordre de cent par matin\u00e9e.<\/p>\n\n\n\n<p>Il faut dire que c&#8217;est un service o\u00f9 les prestations sont gratuites. Il suffit d&#8217;\u00eatre sorti de l&#8217;analphab\u00e9\u00adtisme pour pouvoir&nbsp; y&nbsp; acc\u00e9der. Elles co\u00fbtent un dinar chez ]&#8217;\u00e9cri\u00advain du Boulevard du Palais, assis face \u00e0 une caisse en bois en guise de bureau et ayant pour tout baga\u00adge une machine \u00e0 \u00e9crire et des feuilles.<\/p>\n\n\n\n<p>Les plaintes font du chemin au parquet, elles sont lues,&nbsp; enregis\u00adtr\u00e9es tri\u00e9es, dirig\u00e9es sur&nbsp; les postes de police et l\u00e0 elles sont vou\u00e9es au repos qui peut atteindre&nbsp; la&nbsp; d\u00e9cen\u00adnie et pour cause : la plupart du temps les plaintes&nbsp; sont&nbsp; d\u00e9pos\u00e9es sans adresses exactes,&nbsp; sans&nbsp; date, sans&nbsp; inscription&nbsp; compl\u00e8te&nbsp;&nbsp; des noms, seuls les faits sont relat\u00e9s ci\u00adtant des t\u00e9moins anonymes : \u00ab l&#8217;ar\u00adri\u00e8re cousine de&nbsp; ma&nbsp; voisine&nbsp; venue de Jendouba&nbsp; en&nbsp; visite&#8230; \u00bb <\/p>\n\n\n\n<p>La machine judiciaire se d\u00e9c\u00adlenche, tourne, tourne, tourne, souvent sans consistance, \u00e0 fonds perdus, \u00e0 temps perdus, \u00e0 peine perdue. Il arrive que les plaignants se r\u00e9concilient entre temps,&nbsp; meu\u00adrent ou s&#8217;oublient. Mais il&nbsp; y a aus\u00adsi les parano\u00efaques&nbsp;des&nbsp;tribunaux qui y \u00e9lisent domicile et&nbsp; circulent au&nbsp; pas de toutes les proc\u00e9dures ! Il y a les plaintes qui viennent de prison, celles d&#8217;outre-mer et celles d&#8217;outre-tombe.&nbsp;&nbsp;&nbsp;&nbsp; &#8216;&nbsp;&nbsp;&nbsp;&nbsp;&nbsp;&nbsp;&nbsp;&nbsp;&nbsp;&nbsp; -;<\/p>\n\n\n\n<p>Tel&nbsp;&nbsp; est&nbsp; le&nbsp; lot&nbsp; du&nbsp; Procureur de la R\u00e9publique, d\u00e9fenseur de l&#8217;ordre&nbsp; social selon&nbsp; la loi,&nbsp; et l&#8217;homme le plus agress\u00e9 scripturalement, il s&#8217;entend, par une soci\u00e9t\u00e9 tiers\u00ad mondiste, \u00e9nerv\u00e9e par un mal exis\u00adtentiel.<\/p>\n\n\n\n<p>Qui se plaint&nbsp; du&nbsp; Procureur&nbsp; de la R\u00e9publique ? pr\u00e9cisons que la conscience populaire assimile ce dernier au&nbsp; parquet.&nbsp; Effectivement la loi veut que le&nbsp; parquet&nbsp; consti\u00adtu\u00e9 de plusieurs substituts&nbsp;et&nbsp;\u00e0 leur t\u00eate le procureur soit un&nbsp; et&nbsp; in\u00addivisible. Mais avant d&#8217;aller plus loin,&nbsp; essayons&nbsp; de&nbsp; situer&nbsp; le procureur de la R\u00e9publique. Qui est-il ? C&#8217;est un mortel que les gens occultent, ils l&#8217;imaginent&nbsp; Homme-Dieu, ils le chargent de tous leurs fantasmes&nbsp; ; il est leur&nbsp; justicier&nbsp; ; il&nbsp; est leur&nbsp; vengeur&nbsp; ; il est leur protecteur il doit tout deviner, tout compren\u00addre, tout \u00e9couter&#8230; Ce qui fait qu&#8217;on ne se plaint pas du Procu\u00adreur , car cela am\u00e8nerait l&#8217;individu \u00e0 se renier lui-m\u00eame, il devra soit renoncer \u00e0 se d\u00e9fendre soit se r\u00e9\u00adsoudre \u00e0 se faire justice, soi-m\u00eame. Alors on accuse les flics, les ri\u00adpoux, les corrompus, les corrup\u00adteurs, les lenteurs estim\u00e9es volon\u00adtaires des enqu\u00eates, on invente des liens de parent\u00e9, des connivences&#8230; Les voies du parquet \u00e9tant pas\u00adsantes, elles conduisent devant les juges d&#8217;instruction ou devant les chambres&nbsp;&nbsp;&nbsp;&nbsp;&nbsp;&nbsp;&nbsp; correctionnelles,&nbsp;et quand une affaire est class\u00e9e pour insuffisance de preuve, il est per\u00admis \u00e0 l&#8217;initiative priv\u00e9e de deman\u00adder la r\u00e9ouverture de l&#8217;enqu\u00eate. Ainsi le Procureur n&#8217;est pas expos\u00e9 aux ranc\u0153urs. Il a la chance de sif\u00adfler&nbsp;le&nbsp;coup d&#8217;envoi,&nbsp; il ne parait pas par la suite, puisqu&#8217;il ne rend pas de jugement .. Il se tient \u00e0 l&#8217;ombre du cabinet d&#8217;instruction, mais une ombre qui plane en per\u00admanence.<\/p>\n\n\n\n<p>Le greffe qu&#8217;il supervise pour\u00adrait se plaindre&nbsp; du&nbsp; Procureur,&nbsp; tant on a des raisons de d\u00e9nigrer le chef surtout quand il d\u00e9range en exi\u00adgeant, l&#8217;ordre, l&#8217;honn\u00eatet\u00e9 et la ponctualit\u00e9.<\/p>\n\n\n\n<p>Qui plaint le Procureur de la R\u00e9publique ? presque personne ! On ne plaint&nbsp; pas&nbsp; Dieu-le&nbsp; p\u00e8re.&nbsp; Il est suppos\u00e9 tout puissant, alors il doit pouvoir tout r\u00e9gler, tout so\u00adlutionner c&#8217;est une sorte de magi\u00adcien des rues, des foyers, du jour, de la nuit, du pass\u00e9, du pr\u00e9sent. Apr\u00e8s tout n&#8217;a-t-il pas \u00e0&nbsp;ses&nbsp;or\u00addres les officiers de police ?! Il est suppos\u00e9 \u00eatre la pieuvre \u00e0 mille mil\u00adlions de tentacules. Il n&#8217;a qu&#8217;\u00e0 \u00eatre&nbsp;\u00e0 la hauteur de sa t\u00e2che.<\/p>\n\n\n\n<p>Et pourtant si l&#8217;on observe de pr\u00e8s&nbsp;une&nbsp;journ\u00e9e&nbsp;du&nbsp;Procureur&nbsp;de la R\u00e9publique on r\u00e9aliserait qu&#8217;il est&nbsp;&nbsp;non&nbsp;seulement&nbsp; agress\u00e9&nbsp; par les \u00e9crits, mais aussi par les visites continues des citoyens, des avocats, des inspecteurs de police, des auxiliaires de justice&#8230;&nbsp;le&nbsp; t\u00e9l\u00e9phone n&#8217;arr\u00eate&nbsp; pas de&nbsp; l &#8216;interrompre, ce sont tant\u00f4t ses sup\u00e9rieurs hi\u00e9\u00adrarchiques, tant\u00f4t les chefs de pos\u00adtes, les personnes influentes.. Ainsi sa journ\u00e9e de travail doit s&#8217;\u00e9tirer in\u00add\u00e9finiment et se multiplier par N secondes \u00e0 la minute&#8230; car il&nbsp; faut bien&nbsp; qu&#8217;il&nbsp;se&nbsp;m\u00e9nage&nbsp;du&nbsp;temps pour travailler.<\/p>\n\n\n\n<p>De plus un procureur doit sa\u00advoir repousser les interventions \u00e0 menaces camoufl\u00e9es avec diploma\u00adtie, sourire et doigt\u00e9.&nbsp; Il n&#8217;est&nbsp; pas s\u00fbr&nbsp; de&nbsp; ne&nbsp; pas d\u00e9plaire,&nbsp;on pourrait s&#8217;en souvenir \u00e0 l&#8217; occasion d&#8217;un conseil sup\u00e9rieur de la magistrature, la vengeance est un plat qui se mange froid. Le Procureur doit s&#8217;arranger&nbsp;pour&nbsp;ne&nbsp;pas courroucer le&nbsp; Minist\u00e8re&nbsp; de&nbsp; l&#8217;int\u00e9rieur,&nbsp;il mar\u00adche plut\u00f4t sur une&nbsp;corde&nbsp;raide,&nbsp;\u00e0 chacun ses plate-bandes &#8230;<\/p>\n\n\n\n<p>Le Procureur de la R\u00e9publique est un \u00eatre aussi puissant que vuln\u00e9rable. En effet&nbsp;la&nbsp;loi&nbsp;lui&nbsp;accor\u00adde beaucoup de pouvoirs mais la pratique&nbsp;peut le r\u00e9duire&nbsp;\u00e0&nbsp;n\u00e9ant &nbsp;:<\/p>\n\n\n\n<p>Prenez l &#8216;hypoth\u00e8se o\u00f9 il est se\u00adcond\u00e9 par des substituts bleus, un greffe&nbsp; indolent,&nbsp; une&nbsp;police irres\u00adponsable, un effectif&nbsp; insuffisant,&nbsp;ajouter un millier&nbsp;de plaintes&nbsp; par mois&nbsp;&nbsp;et&nbsp;il&nbsp;ne&nbsp;sera&nbsp;plus&nbsp;qu&#8217;un&nbsp;figu\u00adrant sur une gal\u00e8re voguant&nbsp;\u00e0 la d\u00e9\u00adrive.<\/p>\n\n\n\n<p>A mon avis&nbsp; dans&nbsp; l&#8217;\u00e9tat actuel des&nbsp; choses dans&nbsp;&nbsp; notre&nbsp;&nbsp; pays,&nbsp; seul un&nbsp;&nbsp; ordinateur&nbsp; super-puissant&nbsp;mis&nbsp;\u00e0 la disposition du parquet et des plaignants, pour enregistrer leurs plaintes&nbsp;et&nbsp;en&nbsp;superviser&nbsp; le&nbsp;suivi jusqu&#8217;\u00e0 l&#8217;ach\u00e8vement total de la proc\u00e9dure,&nbsp;sera&nbsp; efficace.<\/p>\n\n\n\n<p>Cet ordinateur fera d&#8217;une part gagner du temps et&nbsp; donc&nbsp;de&nbsp;l&#8217;ar\u00adgent et organisera la justice p\u00e9nale, mais et&nbsp; surtout il pr\u00e9servera la la comp\u00e9tence, l&#8217;intelligence, la for\u00adce de&nbsp;travail,&nbsp; la&nbsp;rapidit\u00e9&nbsp;des&nbsp;d\u00e9cisions&nbsp;et&nbsp;l&#8217;\u00e9nergie&nbsp; du&nbsp; Procureur et des substituts qui se consacreront aux affaires graves et&nbsp; s\u00e9rieuses. <\/p>\n\n\n\n<p>Le Procureur tiendra alors tou\u00adte la capitale dans la paume de la main.<\/p>\n\n\n\n<p>Si l&#8217;on constate l&#8217;existence de la gabegie h\u00e9rit\u00e9e de longue date,&nbsp;on doit savoir qu&#8217;elle est due \u00e0 la paraly\u00adsie qu&#8217;a connu le Minist\u00e8re de la Justice durant&nbsp; des&nbsp; d\u00e9cennies&nbsp; et&nbsp; \u00e0&nbsp; sa soumission \u00e0 l&#8217;ex\u00e9cutif (la soif des privil\u00e8ges) d&#8217;une part, et d&#8217;autre part \u00e0&nbsp; la&nbsp; croissance&nbsp;d\u00e9mographi\u00adque incontr\u00f4l\u00e9e dans la capitale, \u00e0 l&#8217;exode rural commenc\u00e9 apr\u00e8s l&#8217;exp\u00e9rience malheureuse de la col\u00adlectivisation.<\/p>\n\n\n\n<p>Actuellement il a \u00e9t\u00e9 d\u00e9cid\u00e9 d&#8217;instituer&nbsp;trois&nbsp;petits&nbsp;tribunaux de 1\u00e8re instance : Ariana,&nbsp;Ben Arous, Tunis. Souhaitons que cela arrangera la situation et n&#8217;engen\u00addrera pas&nbsp; trois \u00abpetits\u00bb procureurs .<\/p>\n\n\n\n<p>Je reste convaincue qu&#8217;on doit en plus, \u00e9duquer la population : la capitale doit survivre et&nbsp;si&nbsp;l&#8217;on n&#8217;est pas capable de respecter ses normes, si on n&#8217;y vient pas pour gagner son pain, il faut&nbsp; savoir qu&#8217;on&nbsp;n&#8217;y a pas de place.<\/p>\n\n\n\n<p>Il ne s&#8217;agit pas de remplir les prisons ni de cr\u00e9er du gibier de po\u00adtence. Ce sont des attitudes&nbsp; st\u00e9r\u00adiles, mieux vaut pr\u00e9venir le&nbsp;mal. Les&nbsp;amnisties&nbsp;et les remises&nbsp;de peine en droit commun ne&nbsp;sont que des reports de probl\u00e8mes et non des solutions.<\/p>\n\n\n\n<p>En fait nul n&#8217;est cens\u00e9 ignorer la loi, le citoyen devrait \u00eatre pr\u00e9\u00advenu avant le d\u00e9p\u00f4t&nbsp;de toute plain\u00adte&nbsp;qu&#8217;il&nbsp;risque&nbsp;une amende s&#8217;il manque de s\u00e9rieux et qu&#8217;il s&#8217;arr\u00eate une seconde&#8230;&nbsp;&nbsp;pour&nbsp;r\u00e9fl\u00e9chir.<\/p>\n\n\n\n<p>A mon sens les plaintes d\u00e9po\u00ads\u00e9es&nbsp; doivent&nbsp; \u00eatre&nbsp; v\u00e9rifi\u00e9es&nbsp; sur&nbsp;le champ quant \u00e0 l&#8217;inscription des noms&nbsp;et&nbsp;des&nbsp;adresses&nbsp;afin&nbsp;qu&#8217;elles n&#8217;aillent pas encombrer&nbsp;vainement les&nbsp; locaux&nbsp; de police.<\/p>\n\n\n\n<p>Par ailleurs, quel&nbsp;mal&nbsp; y&nbsp; aurait-il de la faire payer un dinar qui se\u00adrait destin\u00e9 \u00e0 un fonds de&nbsp; r\u00e9inser\u00adtion sociale des&nbsp; prisonniers lib\u00e9r\u00e9s.<\/p>\n\n\n\n<p>N&#8217; importe qui, selon la loi, peut mettre en branle la machine judiciaire,&nbsp; mais&nbsp; une&nbsp; absence&nbsp; de&nbsp; civisme fait&nbsp;qu&#8217;on&nbsp;en&nbsp;abuse tellement qu&#8217;elle&nbsp;est&nbsp;&nbsp; &nbsp;sur&nbsp;le&nbsp;point&nbsp;de s&#8217;arr\u00eater. <\/p>\n\n\n\n<p>Il faut savoir que le Procureur de la R\u00e9publique assume d&#8217;autres t\u00e2ches tr\u00e8s importantes : la forma\u00adtion des substituts pour le c\u00f4t\u00e9 pratique, d\u00e9placement sur les lieux du crime, constatations&#8230; Il doit avoir l&#8217;\u0153il et le bon sur les prisons o\u00f9 il loge les pr\u00e9venus arr\u00eat\u00e9s. Il doit \u00eatre omnipr\u00e9sent au&nbsp; tribunal et veiller \u00e0 la tranquillit\u00e9 et \u00e0 la s\u00e9\u00adcurit\u00e9 par agents de police, inter\u00adpos\u00e9s, bien&nbsp; s\u00fbr. Il doit&nbsp;superviser la bonne marche administrative du Palais etc &#8230;<\/p>\n\n\n\n<p>Il doit&#8230; Il doit&#8230;<\/p>\n\n\n\n<p>Or, le Procureur de la R\u00e9publi\u00adque&nbsp;sollicit\u00e9 partout&nbsp;et&nbsp;par&nbsp;tous, ne peut pas donner plus qu&#8217;il ne poss\u00e8de (c&#8217;est le&nbsp;cas&nbsp;de tous les mortels ) .<\/p>\n\n\n\n<p>Toutefois si nous choisissons de reconnaitre l&#8217;importance de l&#8217;informatique,&nbsp; si&nbsp; nous&nbsp;d\u00e9cidons de nous y mettre et de nous y plier, nous parviendrons&nbsp; \u00e0 sauver du marasme la justice en Tunisie ; secundo nous m\u00e9nagerons la com\u00adp\u00e9tence des hommes et leur \u00e9vite\u00adrons d&#8217;\u00eatre entrain\u00e9s dans les sa\u00adbles mouvants, nous emp\u00eacherons qu&#8217;ils ne soient \u00e9cras\u00e9s&nbsp; par&nbsp; la loi du nombre. <\/p>\n\n\n\n<p>Il ne s&#8217;agit pas&nbsp; de&nbsp; travailler sans&nbsp; mesure,&nbsp; ni&nbsp; de tourner&nbsp; \u00e0 vide ; l&#8217;honn\u00eatet\u00e9 et ]&#8217;int\u00e9grit\u00e9 seules ne suffisent pas non plus &#8211; la vie mo\u00adderne a ses exigences et qui n&#8217;a\u00advance pas, r\u00e9gresse.<\/p>\n\n\n\n<p>Au parquet l&#8217;adage est le sui\u00advant, &#8220;la plume est serve et la paro\u00adle est libre&#8221;.<\/p>\n\n\n\n<p>Voil\u00e0 que ma main se remet \u00e0 trembler.<\/p>\n\n\n\n<p>Qu&#8217;as-tu carcasse ? aurais-tu peur du Procureur de la&nbsp; R\u00e9publi\u00adque&nbsp; alors&nbsp; que&nbsp;tu&nbsp;as&nbsp;ta conscience pour toi, et alors que tu essaies de participer \u00e0 la vie nationale, en proposant&nbsp; des solutions ?<\/p>\n\n\n\n<p>Non,&nbsp;&nbsp;je ne&nbsp;crains&nbsp;pas&nbsp;le Procureur&nbsp; mais certains &#8220;lecteurs\u00ad interpr\u00e8tes&#8221; qui voudraient d\u00e9former mes pens\u00e9es. Honni soit qui mal y pense.<\/p>\n\n\n\n<p><\/p>\n","protected":false},"excerpt":{"rendered":"<p>Cela fait longtemps que je r\u00e9\u00ad prime le d\u00e9sir d&#8217;\u00e9crire un&nbsp; article sur le parquet de&nbsp; Tunis.&nbsp; Mettre mes mains dans l&#8217;antre du lion et lui tirer les moustaches me parais\u00ad sait relever de la t\u00e9m\u00e9rit\u00e9, surtout pour une m\u00e8re de famille. Sans compter que la plume d&#8217;un procu\u00ad reur de la R\u00e9publique est plus&#8230;<\/p>\n","protected":false},"author":1,"featured_media":0,"comment_status":"open","ping_status":"open","sticky":false,"template":"","format":"standard","meta":[],"categories":[1],"tags":[],"_links":{"self":[{"href":"http:\/\/emnadaf.cluster029.hosting.ovh.net\/index.php\/wp-json\/wp\/v2\/posts\/164"}],"collection":[{"href":"http:\/\/emnadaf.cluster029.hosting.ovh.net\/index.php\/wp-json\/wp\/v2\/posts"}],"about":[{"href":"http:\/\/emnadaf.cluster029.hosting.ovh.net\/index.php\/wp-json\/wp\/v2\/types\/post"}],"author":[{"embeddable":true,"href":"http:\/\/emnadaf.cluster029.hosting.ovh.net\/index.php\/wp-json\/wp\/v2\/users\/1"}],"replies":[{"embeddable":true,"href":"http:\/\/emnadaf.cluster029.hosting.ovh.net\/index.php\/wp-json\/wp\/v2\/comments?post=164"}],"version-history":[{"count":2,"href":"http:\/\/emnadaf.cluster029.hosting.ovh.net\/index.php\/wp-json\/wp\/v2\/posts\/164\/revisions"}],"predecessor-version":[{"id":196,"href":"http:\/\/emnadaf.cluster029.hosting.ovh.net\/index.php\/wp-json\/wp\/v2\/posts\/164\/revisions\/196"}],"wp:attachment":[{"href":"http:\/\/emnadaf.cluster029.hosting.ovh.net\/index.php\/wp-json\/wp\/v2\/media?parent=164"}],"wp:term":[{"taxonomy":"category","embeddable":true,"href":"http:\/\/emnadaf.cluster029.hosting.ovh.net\/index.php\/wp-json\/wp\/v2\/categories?post=164"},{"taxonomy":"post_tag","embeddable":true,"href":"http:\/\/emnadaf.cluster029.hosting.ovh.net\/index.php\/wp-json\/wp\/v2\/tags?post=164"}],"curies":[{"name":"wp","href":"https:\/\/api.w.org\/{rel}","templated":true}]}}