{"id":170,"date":"2021-05-20T14:38:44","date_gmt":"2021-05-20T12:38:44","guid":{"rendered":"http:\/\/emnadaf.cluster029.hosting.ovh.net\/?p=170"},"modified":"2021-05-23T15:42:20","modified_gmt":"2021-05-23T13:42:20","slug":"ni-bons-ni-betes-juste-tolerants","status":"publish","type":"post","link":"http:\/\/emnadaf.cluster029.hosting.ovh.net\/index.php\/2021\/05\/20\/ni-bons-ni-betes-juste-tolerants\/","title":{"rendered":"Ni bons, ni b\u00eates, juste tol\u00e9rants"},"content":{"rendered":"\n<p>Comme tous les petits Musulmans de quatre ans, j&#8217;ai appris cinq versets du Coran: le premier rend gr\u00e2ce \u00e0 Dieu, Mis\u00e9ricordieux; le second nous ordonne de croire \u00e0 son unicit\u00e9; le troisi\u00e8me nous recommande de nous \u00e9loigner des pens\u00e9es mal\u00e9fiques et d\u00e9moniaques; le quatri\u00e8me nous conseille de nous m\u00e9fier des envieux et des m\u00e9chants et enfin le cinqui\u00e8me nous enseigne&nbsp; la tol\u00e9rance et&nbsp; le respect des croyances des autres, de leurs religions, de leurs modes de vie, tout en nous attachant &nbsp;fermement \u00e0 la n\u00f4tre. Ce doit \u00eatre pour cela que sur les bancs d&#8217;\u00e9coliers je n&#8217;ai jamais fait la diff\u00e9rence entre les Smaoui, les Lellouch, ou les Brun, et que seules les heures de cat\u00e9chisme nous s\u00e9paraient. Juives, Musulmanes et Catholiques \u00e9coutaient les cours de morale enseign\u00e9s par une bonne s\u0153ur-c&#8217;\u00e9tait avant 67.<\/p>\n\n\n\n<p>En classe de philosophie, nous appr\u00eemes les horreurs du Nazisme, le probl\u00e8me de la &#8220;question juive&#8221;, les horreurs du Stalinisme, la tra\u00eetrise du Mar\u00e9chal P\u00e9tain, l&#8217;Axe, les Alli\u00e9s. En Histoire on eut \u00e0 comprendre l&#8217;injustice onusienne de d\u00e9cider la cr\u00e9ation d&#8217;un Etat juif: Isra\u00ebl, en chassant de leur terre les Palestiniens. En litt\u00e9rature anglaise, nous \u00e9tudi\u00e2mes Shakespeare et ses trag\u00e9dies sanglantes; les b\u00fbchers, les massacres et les rois sanguinaires, mais aussi des reines, dont Marie la sanglante. En litt\u00e9rature am\u00e9ricaine, les conquistadors portugais et espagnols d\u00e9cim\u00e8rent les Indiens, et les immigr\u00e9s venus d&#8217;Europe, jusqu&#8217;il y a un si\u00e8cle, pratiquaient encore l&#8217;esclavage, et m\u00e9prisaient l&#8217;\u00eatre humain selon sa peau.<\/p>\n\n\n\n<p>Avec la d\u00e9colonisation presque g\u00e9n\u00e9ralis\u00e9e, les jeunes du Tiers-Monde ont trouv\u00e9 leurs pays lib\u00e9r\u00e9s exsangues &#8211; les mus\u00e9es les plus fameux du Monde contiennent les patrimoines des pays colonis\u00e9s durant des si\u00e8cles- le pillage sans vergogne et sans droit fut pratiqu\u00e9. Non seulement les sous-sols furent \u00e9ventr\u00e9s, les richesses d\u00e9tourn\u00e9es, or, diamants, min\u00e9raux ont contribu\u00e9 \u00e0 monter leur fortune et leur puissance, mais les autochtones ont \u00e9t\u00e9 maintenus dans l&#8217;ignorance et l&#8217;analphab\u00e9tisme, quand leur langue n&#8217;a pas \u00e9t\u00e9 interdite officiellement, comme ce fut le cas pour l&#8217;Alg\u00e9rie.<\/p>\n\n\n\n<p>Les pays industrialis\u00e9s et riches ont chang\u00e9 m\u00eame les fronti\u00e8res des pays, ont dessin\u00e9 des lignes imaginaires contre nature, diviser pour r\u00e9gner, telle devait \u00eatre la devise. Entretenir des princes et des rois fantoches, des r\u00e9gimes bananiers pour maintenir le Tiers-Monde sous la botte, des populations enti\u00e8res ont \u00e9t\u00e9 d\u00e9port\u00e9es. Tout cela n&#8217;est un secret pour personne. Il s&#8217;y ajoute la puissance \u00e9conomique, militaire, technologique, le monde est divis\u00e9 en Nord\u00ad Sud, en riches et pauvres &#8211; ceux qui meurent d&#8217;ob\u00e9sit\u00e9 et ceux qui cr\u00e8vent, la peau sur les os.<\/p>\n\n\n\n<p>Faut-il croire pour autant que les Tiers-mondistes sont b\u00eates? Faut-il imaginer qu&#8217;ils sont bons? Non, ils ne sont ni l&#8217;un, ni l&#8217;autre.<\/p>\n\n\n\n<p>La r\u00e9ponse est qu&#8217;ils sont \u00e9conomiquement impuissants, la v\u00e9rit\u00e9 est qu&#8217;ils ne croient pas les Occidentaux quand ils leur sortent les principes des Droits de l&#8217;Homme \u00e0 toutes les sauces. Un intellectuel occidental int\u00e8gre et s\u00e9rieux peut-il justifier qu&#8217;un honn\u00eate homme, s\u00e9rieux, bien \u00e9duqu\u00e9, professeur d&#8217;universit\u00e9 ou m\u00e9decin, soit soumis \u00e0 toutes les suspicions, \u00e0 toutes les formalit\u00e9s douani\u00e8res et polici\u00e8res pour participer \u00e0 un congr\u00e8s international et subir des humiliations pour l&#8217;obtention d&#8217;un visa, alors qu&#8217;un d\u00e9linquant, tatou\u00e9, sale, ancien bagnard rentre dans notre pays muni seulement d&#8217;une carte d&#8217;identit\u00e9 occidentale, semi drogu\u00e9, semi fauch\u00e9 et pourquoi pas sid\u00e9en. L&#8217;Occidental honn\u00eate et croyant aux valeurs telles que la libert\u00e9, l&#8217;\u00e9galit\u00e9, la justice, la dignit\u00e9, peut-il affirmer ignorer que le Tiers-Mondiste n&#8217;est pas heureux d&#8217;\u00e9changer son bl\u00e9 aussi pur que l&#8217;or contre le bl\u00e9 irradi\u00e9 et tol\u00e9r\u00e9 par l&#8217;OMS, de c\u00e9der son huile d&#8217;olive contre l&#8217;huile v\u00e9g\u00e9tale, d&#8217;exporter les crevettes et les langoustes en \u00e9change de devises pour le bien-\u00eatre \u00e9conomique du pays.<\/p>\n\n\n\n<p>Les Tiers-Mondistes savent que leur chemin de croix est loin d&#8217;\u00eatre achev\u00e9. Mais il serait na\u00eff de croire qu&#8217;ils sont ignorants de tous les probl\u00e8mes et de tous les fl\u00e9aux dont souffre le Monde riche, industrialis\u00e9 et puissant: une d\u00e9cadence civilisationnelle et une perte des valeurs universelles li\u00e9es \u00e0 l&#8217;\u00e9thique: perversions, incestes, violences, viols et meurtres d&#8217;enfants; pornographies, destruction des liens familiaux, drogue, p\u00e9d\u00e9rastie, homosexualit\u00e9, Sida, enfants sans grandes illusions, sans motivation &#8211; enfants assassins de b\u00e9b\u00e9s &#8211; parents assassins d&#8217;enfants. Voil\u00e0 ce que nous rapportent nos antennes paraboliques: une mis\u00e8re morale profonde existe chez les nantis \u00e9conomiquement.<\/p>\n\n\n\n<p>La Tunisienne arabo-musulmane que je suis, convaincue de ma religion et de ses valeurs, et donc du verset coranique pr\u00eachant la tol\u00e9rance: &#8220;Ils ont leur religion, et j&#8217;ai la mienne&#8221;, n&#8217;a jamais m\u00e9pris\u00e9 les \u00eatres humains dont les comportements actuels paraissent relever plus d&#8217;instincts animaliers et de chaos dans leur \u00eatre et leur paraitre. J&#8217;ai mon identit\u00e9 arabo-musulmane, ils ont une identit\u00e9 diff\u00e9rente, je n&#8217;ai pas de jugement de valeur \u00e0 \u00e9mettre, les cours des civilisations sont cycliques, l&#8217;avenir jugera du devenir de ces pays qui ont pour Dieu la mati\u00e8re et l&#8217;impression de puissance et de domination de la nature. <\/p>\n\n\n\n<p>Permettez-moi de vous exposer les faits d&#8217;une affaire juridique que j&#8217;ai eu \u00e0 suivre devant un tribunal de la famille, aux Etats\u00ad Unis: deux femmes lesbiennes, vivant ensemble en bonne entente depuis quelques ann\u00e9es d\u00e9j\u00e0, au su et au vu de tous, ont d\u00e9cid\u00e9 de se marier. Elles prirent contact avec un avocat qui \u00e9tablit entre elles l&#8217;acte c\u00e9l\u00e9brant leur union. Puis elles d\u00e9cid\u00e8rent d&#8217;avoir un enfant et, comme l&#8217;op\u00e9ration est organiquement impossible, elles partirent dans un pays voisin d&#8217;Am\u00e9rique Latine o\u00f9 l&#8217;une d&#8217;elles subit en clinique une ins\u00e9mination artificielle d&#8217;un sperme congel\u00e9 d&#8217;un basan\u00e9.<\/p>\n\n\n\n<p>Une fillette naquit dans le foyer du couple de lesbiennes\u00b7. Le m\u00e9nage a trois cr\u00e9a des probl\u00e8mes, et les deux femmes d\u00e9cid\u00e8rent de se quitter. Il \u00e9tait donc demand\u00e9 au juge de statuer sur le droit de garde, de visite, et l&#8217;obligation de fournir la pension alimentaire \u00e0 l&#8217;enfant. Plus j&#8217;\u00e9coutais (et Dieu sait si pendant vingt ans de carri\u00e8re, j&#8217;ai eu \u00e0 connaitre des cas peu communs), plus les d\u00e9tails de cette affaire me bloquaient les m\u00e9ninges. Comment allait donc trancher le juge dans tant de turpitudes? Le juge a rendu sereinement le jugement accordant \u00e0 la m\u00e8re biologique le droit de garde de l&#8217;enfant et \u00e0 &#8220;l&#8217;ex&#8221; de Maman le droit de visite. Quand je fis part de ma consternation au magistrat, lui disant que c&#8217;\u00e9tait l\u00e0 un moyen d&#8217;ent\u00e9riner et de l\u00e9galiser peut-\u00eatre des situations non naturelles plut\u00f4t bizarres, il me r\u00e9pondit avec beaucoup de courtoisie: &#8220;Madame, ces personnes existent vraiment, elles ne peuvent vivre sans r\u00e9ponse \u00e0 leurs requ\u00eates&#8221;. Le verset coranique me revint, et je me dis qu&#8217;ils ont leurs croyances et que j&#8217;ai les miennes&#8221;. Quand les m\u00e9dias europ\u00e9ens diabolisent le foulard &#8220;islamique&#8221;, qu&#8217;est-ce qui lui vaut cette appellation? On se le demande? Est-il dans sa texture? O\u00f9 serait-il le sixi\u00e8me commandement de l&#8217;Islam &#8211; serait-il le sixi\u00e8me pilier de la croyance? On se demande si leurs fantasmes ne reviennent pas, n&#8217;est-ce pas eux qui ont invent\u00e9 l&#8217;\u00e9toile jaune d&#8217;Anne Frank&#8230;<\/p>\n\n\n\n<p>Mais quand la cha\u00eene de t\u00e9l\u00e9vision franco-allemande &#8220;Arte&#8221; passe le vendredi 19 novembre 93, sur son canal, un film extrait du livre de Patricia High Smith, injurieux pour les Arabes, les traitant par les paroles et par l&#8217;image de d\u00e9biles profonds, de moralement sales, d&#8217;assassins, de voleurs et de menteurs, je ne peux que m&#8217;insurger contre les incitations \u00e0 la haine et condamner le racisme m\u00e9prisable et odieux, et qui n&#8217;honore pas &#8220;Arte&#8221;. Mais quand, en plus, ce film est tourn\u00e9 en Tunisie, et \u00e0 Hammamet, dans les souks tunisiens avec des Tunisiens, l&#8217;injure est nette et pr\u00e9cise. Selon l&#8217;expression m\u00eame d&#8217;un des deux acteurs &#8220;son chien n&#8217;aime pas l&#8217;Arabe&#8221;. Les paysages pris en Tunisie auraient subi un montage sciemment infamant pour la Tunisie de 1993, les paroles aussi, parait-il, naissent hors de nos fronti\u00e8res, selon les informations prises aupr\u00e8s du Minist\u00e8re de la Culture. <\/p>\n\n\n\n<p>Peut-\u00eatre Messieurs les Ministres de l&#8217;Information et de la Culture nous rediffuseront-ils le film sur la cha\u00eene nationale, pour que notre jeunesse comprenne l&#8217;importance des m\u00e9dias (des millions de t\u00e9lespectateurs ont vu ce film le vendredi 19\/11\/93. Ils ont leurs id\u00e9es sur les Tunisiens et la Tunisie. Id\u00e9es fausses, racistes, injurieuses). Il faut que les jeunes sachent et d\u00e9cident s&#8217;ils pensent qu&#8217;il faut porter plainte contre la cha\u00eene Arte qui permet la propagation de propos racistes contre les Tunisiens et la Tunisie, un pays qui a une r\u00e9putation bien assise de tol\u00e9rance et de mod\u00e9ration.<\/p>\n\n\n\n<p>Dans le g\u00e9n\u00e9rique figuraient plusieurs noms de personnes arabes; jusqu&#8217;o\u00f9 savaient\u00ad elles qu&#8217;elles \u00e9taient manipul\u00e9es &#8211; semble- il &#8211; Y aura-t-il enqu\u00eate? On a pr\u00eat\u00e9 nos paysages en vue de faire travailler les techniciens, en vue de procurer des devises \u00e0 l&#8217;\u00e9conomie du pays, c&#8217;est le lot des pays en voie de d\u00e9veloppement. Je n&#8217; imagine pas qu&#8217;un Tunisien ait pu connaitre les intentions racistes de l&#8217;individu qui a film\u00e9 la Tunisie du Moyen-\u00e2ge peut-\u00eatre, en donnant l&#8217;illusion que c&#8217;est un pays arabe de 1993. Et pourtant il y a eu n\u00e9gligence quelque part. En tous cas, m\u00eame si je devais le faire seule, je demanderais r\u00e9paration du pr\u00e9judice moral port\u00e9 \u00e0 la dignit\u00e9.<\/p>\n\n\n\n<p>Une chose est positive au moins, la tol\u00e9rance qu&#8217;enseigne et ordonne l&#8217; Islam nous tient loin de la haine et du racisme. Malgr\u00e9 la pr\u00e9sence de Juifs tunisiens, en p\u00e9riode de crise en 1967, quand les esprits \u00e9taient \u00e9chauff\u00e9s, il n&#8217;y a eu ni Auschwitz ni Oradour.<\/p>\n","protected":false},"excerpt":{"rendered":"<p>Comme tous les petits Musulmans de quatre ans, j&#8217;ai appris cinq versets du Coran: le premier rend gr\u00e2ce \u00e0 Dieu, Mis\u00e9ricordieux; le second nous ordonne de croire \u00e0 son unicit\u00e9; le troisi\u00e8me nous recommande de nous \u00e9loigner des pens\u00e9es mal\u00e9fiques et d\u00e9moniaques; le quatri\u00e8me nous conseille de nous m\u00e9fier des envieux et des m\u00e9chants et&#8230;<\/p>\n","protected":false},"author":1,"featured_media":0,"comment_status":"open","ping_status":"open","sticky":false,"template":"","format":"standard","meta":[],"categories":[1],"tags":[],"_links":{"self":[{"href":"http:\/\/emnadaf.cluster029.hosting.ovh.net\/index.php\/wp-json\/wp\/v2\/posts\/170"}],"collection":[{"href":"http:\/\/emnadaf.cluster029.hosting.ovh.net\/index.php\/wp-json\/wp\/v2\/posts"}],"about":[{"href":"http:\/\/emnadaf.cluster029.hosting.ovh.net\/index.php\/wp-json\/wp\/v2\/types\/post"}],"author":[{"embeddable":true,"href":"http:\/\/emnadaf.cluster029.hosting.ovh.net\/index.php\/wp-json\/wp\/v2\/users\/1"}],"replies":[{"embeddable":true,"href":"http:\/\/emnadaf.cluster029.hosting.ovh.net\/index.php\/wp-json\/wp\/v2\/comments?post=170"}],"version-history":[{"count":2,"href":"http:\/\/emnadaf.cluster029.hosting.ovh.net\/index.php\/wp-json\/wp\/v2\/posts\/170\/revisions"}],"predecessor-version":[{"id":197,"href":"http:\/\/emnadaf.cluster029.hosting.ovh.net\/index.php\/wp-json\/wp\/v2\/posts\/170\/revisions\/197"}],"wp:attachment":[{"href":"http:\/\/emnadaf.cluster029.hosting.ovh.net\/index.php\/wp-json\/wp\/v2\/media?parent=170"}],"wp:term":[{"taxonomy":"category","embeddable":true,"href":"http:\/\/emnadaf.cluster029.hosting.ovh.net\/index.php\/wp-json\/wp\/v2\/categories?post=170"},{"taxonomy":"post_tag","embeddable":true,"href":"http:\/\/emnadaf.cluster029.hosting.ovh.net\/index.php\/wp-json\/wp\/v2\/tags?post=170"}],"curies":[{"name":"wp","href":"https:\/\/api.w.org\/{rel}","templated":true}]}}