{"id":57,"date":"2021-04-21T17:40:51","date_gmt":"2021-04-21T15:40:51","guid":{"rendered":"http:\/\/emnadaf.cluster029.hosting.ovh.net\/?p=57"},"modified":"2021-04-21T17:40:51","modified_gmt":"2021-04-21T15:40:51","slug":"les-matamores","status":"publish","type":"post","link":"http:\/\/emnadaf.cluster029.hosting.ovh.net\/index.php\/2021\/04\/21\/les-matamores\/","title":{"rendered":"Les Matamores"},"content":{"rendered":"\n<p>Le dictionnaire indique que ce mot vient&nbsp; de l&#8217;espagnol \u00abmatamoros\u00bb ou \u00abLueur de Maures\u00bb, personnage de la com\u00e9die espagnole qui se vantait \u00e0 tout propos de ses exploits contre les Maures, c&#8217;est-\u00e0\u00ad dire les Arabes.<\/p>\n\n\n\n<p>De nos jours, cette appel\u00adlation est donn\u00e9e aux faux braves. Elle me &nbsp;parait s&#8217;appliquer \u00e0 M<strong>. <\/strong>Bush&nbsp; et&nbsp; \u00e0 sa suite. A<strong> <\/strong>ce propos, je n&#8217;ai pu retenir une larme quand j&#8217;entendis M. Mitterrand r\u00e9\u00adp\u00e9ter, dans sa conf\u00e9rence de presse: \u00abM. Baker m&#8217;a dit&#8230; j&#8217;ai t\u00e9l\u00e9phon\u00e9&nbsp; \u00e0&nbsp; M.&nbsp;Bak\u00ader&#8230; \u00bb. Je me rem\u00e9morais la grandeur&nbsp;du&nbsp;G\u00e9n\u00e9ral&nbsp;De Gaulle qui faisait vibrer la terre&nbsp;en&nbsp;criant:&nbsp;\u00abLa France !\u00bb. Quand, \u00e0 Phnom\u00ad Penh, il condamna superbe\u00adment&nbsp;et&nbsp;fermement l&#8217;agression am\u00e9ricaine con\u00adtre le Vietnam, il montra au monde entier son respect des valeurs et des libert\u00e9s, m\u00e9prisant les Yankees et leur veau d&#8217;or.<\/p>\n\n\n\n<p>Oui, il faut le reconna\u00eetre: rien n&#8217;est plus comme avant. Ri<\/p>\n\n\n\n<p>M. Mitterrand semble to\u00adtalement \u00e9cras\u00e9 par la supr\u00e9matie technologique des USA. Feu M. Kroutchev regardait de haut&nbsp; les&nbsp; USA, et voil\u00e0 que M.&nbsp; &nbsp;Gorbatchev, sous couverture de d\u00e9moc\u00adratie, pr\u00e9lude \u00e0 la mendicit\u00e9, laisse faire.<\/p>\n\n\n\n<p>Les matamores ont oubli\u00e9 qu&#8217; \u00ab\u00e0 vaincre sans p\u00e9ril on triomphe sans gloire\u00bb. Ils se sont mis \u00e0 tous contre un. Les matamores de la d\u00e9\u00admocratie ont recours aux d\u00e9\u00adfauts&nbsp;qu&#8217;ils&nbsp;traquent&nbsp;et con\u00addamnent dans&nbsp;les&nbsp;pays du Tiers Monde, financ\u00e9s par eux, la dictature qui y&nbsp; r\u00e8gne. Ils&nbsp;usent de la d\u00e9sinformation, de la toxi-\u00ad information et, tenez- vous bien, ils mentent&nbsp; \u00e0&nbsp; leur opinion&nbsp;publique:&nbsp;une guerre&nbsp;propre, qui \u00ab soulage \u00bb Mme Simone Veil, ex-ministre, rescap\u00e9e d&#8217;Aushwitz, qui exprimait sa joi e dans l&#8217; \u00e9mission d&#8217;Antenne&nbsp; 2&nbsp; \u00abenvoy\u00e9&nbsp; sp\u00e9cial \u00bb, sachant qu&#8217;un tonnage de bombes \u00e9gal \u00e0 une fois et demie celui d&#8217;Hiroshima a\u00advait \u00e9t\u00e9 largu\u00e9 sur la capi\u00adtale, Baghdad, d\u00e8s le deuxi\u00e8me jour.<\/p>\n\n\n\n<p>Les matamores ont parl\u00e9 d&#8217;une \u00abguerre \u00e9clair \u00bb pour an\u00e9antir les Irakiens, dont la lutte est celle du Monde pauvre, du Monde musulman, du Monde&nbsp; arabe,&nbsp; de l&#8217;Ethiopie au P\u00e9rou, des Philippines&nbsp;au&nbsp;Maroc.&nbsp; &nbsp;<\/p>\n\n\n\n<p>Ce sont les enfants de Bombay, de Colombie, du Niger, de Palestine, qui meurent de faim, de maladie, tu\u00e9s par la drogue ou par l&#8217;arme des Isra\u00e9liens, qui interpellent les enfants trop bien nourris des\u00a0USA\u00a0et\u00a0de \u00a0France. Ils leur\u00a0donnent\u00a0rendez-vous pour l&#8217;an 2000. Que sera la face du Monde?<\/p>\n\n\n\n<p>Je me souviens d&#8217;un th\u00e8me trait\u00e9 par un \u00e9minent professeur de psychophysiologie, M. Bouaziz.\u00a0 Il s&#8217;agissait\u00a0de\u00a0comparer l&#8217;ordinateur le plus perfec\u00adtionn\u00e9 avec\u00a0 le cerveau hu\u00admain et le syst\u00e8me nerveux central. Il avait fait remarquer entre autres que l&#8217;ordinateur ne pouvait rien contre\u00a0l&#8217;\u00e9motion,\u00a0facteur humain\u00a0 impr\u00e9visible, quand bien m\u00eame toutes les don\u00adn\u00e9es\u00a0 seraient\u00a0 analys\u00e9es et trait\u00e9es.<\/p>\n\n\n\n<p>li y a un poil \u00a0qu&#8217;enraye la technologie des matamores, celui que nous connaissons tous, nous Musulmans, le poil du \u00abSeigneur Ali\u00bb. Quand le muezzin appelle \u00e0 la pri\u00e8re,\u00a0 du\u00a0 Machrek\u00a0 au Maghreb, m\u00eame si nous ne courons pas tous aux mos\u00adqu\u00e9es, il y a une fraction de seconde o\u00f9 le c\u0153ur d&#8217;un milliard de Musulmans bat \u00e0 l &#8216;unisson. Certes, il y a les brebis galeuses,\u00a0 il y a les re\u00adtardataires, mais les matamores ont ton de ne compter que sur eux.<\/p>\n\n\n\n<p>Les tueurs de Maures refu\u00adsent de comprendr e que ceux- l\u00e0 ne craignent pas la mort , qu&#8217;ils sont tr\u00e8s cons\u00adcients de la supr\u00e9matie militaire des Occidentaux . Ils s&#8217;offrent par millions comme chair \u00e0 canon, pourvu qu&#8217;ils entra\u00eenent avec eux les mercenaires occidentaux. L &#8216;injustice du Monde occidental est devenue si grande, l&#8217; insolence des puiss\u00adants si intol\u00e9rable, l&#8217;injure \u00e0 la race si courante, que les Maures optent pour \u00a0la mort digne.<\/p>\n\n\n\n<p>Les matamores parlent\u00a0de la Convention de Gen\u00e8ve relative aux prisonniers de guerre, occidentaux\u00a0 cela\u00a0 va de soi, et ignorent\u00a0celle sur le bombardement des\u00a0 villes. D\u00e9cid\u00e9ment, ils n&#8217;ont rien compris! Et\u00a0 tous les maux viennent\u00a0de\u00a0leur\u00a0attitude :\u00a0\u00e0 deux poids deux mesures.<\/p>\n\n\n\n<p>Quant \u00e0\u00a0moi,\u00a0ils m&#8217;\u00e9coeurent quand je les en\u00adtends parler non plus\u00a0 de leurs morts, de leurs bless\u00e9s et de la souffrance, mais de l&#8217;impact de la guerre sur le prix du baril. C&#8217;est ce que vaut d\u00e9sormais l &#8216;\u00eatre hu\u00admain pour les D\u00e9mocraties qui se pr\u00e9tendent tr\u00e8s civil\u00adis\u00e9es!<\/p>\n\n\n\n<p>Je\u00a0soutiens\u00a0M. Saddam Hussein depuis le 2 ao\u00fbt. Il aura eu le m\u00e9rite, quelle que soit l &#8216;issue de la guerre, d&#8217;avoir sem\u00e9 le grain de la prise de conscience dans le Golfe chez les masses r\u00e9gies par les monarchies&#8230; (rec\u00adtangle blanc! coupez!).<\/p>\n\n\n\n<p>Je voudrais lui offrir ce vers de Ph\u00e8dre: \u00abJe le vis, je rougis, je p\u00e2lis \u00e0 sa vue\u00bb. Il est vrai que nous rougissons de fiert\u00e9 et\u00a0que\u00a0nous p\u00e2lissons par crainte pour lui.\u00a0Il\u00a0est\u00a0\u00e9vident\u00a0que j&#8217;effectuerai mon prochain p\u00e9lerinage\u00a0 \u00e0\u00a0 Bagdad, Lieu Saint de l&#8217;Islam. Faisons le voeu que Babylone ne con\u00adnaisse pas\u00a0le sort de Carthage.<\/p>\n\n\n\n<p>Les matamores nous re\u00adprochent\u00a0 d&#8217;\u00eatre\u00a0des\u00a0sentimentaux, des r\u00eaveurs, des po\u00e8tes.\u00a0 H\u00e9las, m\u00eame cela on nous l&#8217;interdit, la guerre des \u00e9toiles faisant rage. Il est si ais\u00e9 de se cacher derri\u00e8re les armes! H\u00e9las, le temps des duels est r\u00e9volu : le\u00a0 Grand Saddam dirait \u00e0 Bush:\u00a0 \u00abA moi,\u00a0Bush, deux mots!\u00bb.<\/p>\n\n\n\n<p>Attendons la suite&#8230; du corps \u00e0 corps.<\/p>\n","protected":false},"excerpt":{"rendered":"<p>Le dictionnaire indique que ce mot vient&nbsp; de l&#8217;espagnol \u00abmatamoros\u00bb ou \u00abLueur de Maures\u00bb, personnage de la com\u00e9die espagnole qui se vantait \u00e0 tout propos de ses exploits contre les Maures, c&#8217;est-\u00e0\u00ad dire les Arabes. De nos jours, cette appel\u00adlation est donn\u00e9e aux faux braves. Elle me &nbsp;parait s&#8217;appliquer \u00e0 M. Bush&nbsp; et&nbsp; \u00e0 sa&#8230;<\/p>\n","protected":false},"author":1,"featured_media":0,"comment_status":"open","ping_status":"open","sticky":false,"template":"","format":"standard","meta":[],"categories":[1],"tags":[],"_links":{"self":[{"href":"http:\/\/emnadaf.cluster029.hosting.ovh.net\/index.php\/wp-json\/wp\/v2\/posts\/57"}],"collection":[{"href":"http:\/\/emnadaf.cluster029.hosting.ovh.net\/index.php\/wp-json\/wp\/v2\/posts"}],"about":[{"href":"http:\/\/emnadaf.cluster029.hosting.ovh.net\/index.php\/wp-json\/wp\/v2\/types\/post"}],"author":[{"embeddable":true,"href":"http:\/\/emnadaf.cluster029.hosting.ovh.net\/index.php\/wp-json\/wp\/v2\/users\/1"}],"replies":[{"embeddable":true,"href":"http:\/\/emnadaf.cluster029.hosting.ovh.net\/index.php\/wp-json\/wp\/v2\/comments?post=57"}],"version-history":[{"count":1,"href":"http:\/\/emnadaf.cluster029.hosting.ovh.net\/index.php\/wp-json\/wp\/v2\/posts\/57\/revisions"}],"predecessor-version":[{"id":58,"href":"http:\/\/emnadaf.cluster029.hosting.ovh.net\/index.php\/wp-json\/wp\/v2\/posts\/57\/revisions\/58"}],"wp:attachment":[{"href":"http:\/\/emnadaf.cluster029.hosting.ovh.net\/index.php\/wp-json\/wp\/v2\/media?parent=57"}],"wp:term":[{"taxonomy":"category","embeddable":true,"href":"http:\/\/emnadaf.cluster029.hosting.ovh.net\/index.php\/wp-json\/wp\/v2\/categories?post=57"},{"taxonomy":"post_tag","embeddable":true,"href":"http:\/\/emnadaf.cluster029.hosting.ovh.net\/index.php\/wp-json\/wp\/v2\/tags?post=57"}],"curies":[{"name":"wp","href":"https:\/\/api.w.org\/{rel}","templated":true}]}}