{"id":59,"date":"2021-04-24T15:49:09","date_gmt":"2021-04-24T13:49:09","guid":{"rendered":"http:\/\/emnadaf.cluster029.hosting.ovh.net\/?p=59"},"modified":"2021-05-23T13:57:16","modified_gmt":"2021-05-23T11:57:16","slug":"que-veut-le-peuple","status":"publish","type":"post","link":"http:\/\/emnadaf.cluster029.hosting.ovh.net\/index.php\/2021\/04\/24\/que-veut-le-peuple\/","title":{"rendered":"Que veut le peuple ?"},"content":{"rendered":"\n<p>On se demande\u00a0 pourquoi, d\u00e8s\u00a0 que\u00a0 vous demandez\u00a0 \u00e0\u00a0 quel\u00adqu&#8217;un, le plus \u00a0innocemment \u00a0du monde, comment il va, il vous r\u00e9pond:<\/p>\n\n\n\n<p>&#8211; \u00abOh! j\u00e8 ne suis pas bien portant! j&#8217;ai la rate qui se dilate et le foie bien trop gras ; j&#8217;ai l&#8217;abdomen&nbsp; qui&nbsp; se d\u00e9m\u00e8ne, les genoux bien trop mous. J&#8217;ai la hanche qui se d\u00e9hanche, et le c\u0153ur qui flageole ; j&#8217;ai le sang qui rissole&#8230; Vous savez, je ne suis pas bien portant! (vieille rengaine).<\/p>\n\n\n\n<p>On ne comprend pas les rai\u00adsons de cette d\u00e9prime! Nous ne connaissons pas, Dieu&nbsp; merci, les angoisses des Irakiens, les horreurs des Palestiniens, l&#8217;\u00e9pouvante&nbsp; des&nbsp; Libanais,&nbsp;le cannibalisme des Lib\u00e9riens, la faim des &nbsp;Ethiopiens&#8230;<\/p>\n\n\n\n<p>Alors pourquoi cette profonde amertume,&nbsp;cette&nbsp; grogne, ce m\u00e9contentement permanent et ces&nbsp;d\u00e9nigrements st\u00e9riles et sournois?<\/p>\n\n\n\n<p>Je&nbsp; crois&nbsp; que cela est d\u00fb&nbsp; \u00e0 deux facteurs au moins : une certaine forme de parano\u00efa qui&nbsp; fait qu&#8217;on part de&nbsp; donn\u00e9es fausses pour faire un raisonnement qui peut \u00eatre juste, et par ailleurs cela tient \u00e0 la mentalit\u00e9 du Tunisien.<\/p>\n\n\n\n<p>Le&nbsp; 7 novembre&nbsp; 1990, certains disent qu&#8217;il&nbsp; n&#8217;y a pas&nbsp; de changement, pas plus que de d\u00e9mocratie. Je ne suis pas&nbsp; de&nbsp;cet avis, m\u00eame si ma rue, longue de 800 m\u00e8tres, ne poss\u00e8de pas un seul poteau d&#8217;\u00e9clairage depuis cinq&nbsp;ans malgr\u00e9 toutes les plaintes des habitants, alors que&nbsp; quinze lampes&nbsp; \u00e9clairent&nbsp; le&nbsp; tron\u00e7on&nbsp; de la m\u00eame rue o\u00f9 s&#8217;\u00e9l\u00e8ve la mai\u00ad son d&#8217;un ex-Premier&nbsp; ministre, sans&nbsp;compter&nbsp;les&nbsp;crevasses dans la chauss\u00e9e, qu&#8217;il vaut mieux traverser en barque&nbsp; les jour de pluie.&nbsp; \u00b7<\/p>\n\n\n\n<p>Pourquoi&nbsp;cette&nbsp; d\u00e9ception du Tunisien? Eh&nbsp; bien, parce&nbsp; que le changement,&nbsp; tel qu&#8217;il&nbsp; le con\u00e7oit, n&#8217;est que le produit de son&nbsp; imagination.&nbsp; Je m&#8217;explique : le Tunisien a, semble-t-il cru, que, par la sainte magie du 7 Novembre 87, il allait se trouv\u00ader de l&#8217;autre c\u00f4t\u00e9 de la M\u00e9diterran\u00e9e, rattach\u00e9 \u00e0 la CEE , que le pays allait \u00eatre class\u00e9 parmi les premi\u00e8res&nbsp;puissances&nbsp;mondiales, qu&#8217;il \u00e9tait parti pour une d\u00e9mocratie \u00ab\u00e0 l&#8217;am\u00e9ricaine\u00bb, que les gisements de p\u00e9trole allaient surgir et que la mental\u00adit\u00e9 tiers-mondiste allait s&#8217;\u00e9vaporer&nbsp; par enchantement.<\/p>\n\n\n\n<p>Quand on prend ses r\u00eaves pour des r\u00e9alit\u00e9s, c&#8217;est normal que le r\u00e9veil soit plut\u00f4t brutal. Le\u00b7 Tunisien serait en droit d&#8217;\u00eatre d\u00e9\u00e7u si toutes les condi\u00adtions socio-\u00e9conomiques avai\u00adent chang\u00e9 ce jour-l\u00e0 et que le Chef de l&#8217;Etat ne l&#8217;en avait pas fait profiler.<\/p>\n\n\n\n<p><strong>Mais <\/strong>comme&nbsp; les miracles \u00e0 la&nbsp; veille de l&#8217;an 2000 n&#8217;existent plus,&nbsp;ou&nbsp;tout&nbsp; au&nbsp;moins&nbsp; ils ne passent que par une voie qui s&#8217;appelle travail-sacrifice, ils ne peuvent en toute honn\u00eatet\u00e9 s&#8217;estimer l\u00e9s\u00e9s et lui en vou\u00adloir. Disons que c&#8217;est trop &nbsp;t\u00f4t.<\/p>\n\n\n\n<p>La seconde raison,&nbsp; c&#8217;est que le Tunisien ne veut pas se d\u00e9\u00adfaire de la mentalit\u00e9 d&#8217;assist\u00e9, tout en restant matamore et, le comble, il est convaincu que tout lui est d\u00fb: l&#8217;enseignement, la sant\u00e9, le transport,&nbsp; le&nbsp;pain, les fruits, les prix,&nbsp; l&#8217;\u00e9lectricit\u00e9, la CNSS&#8230; Il&nbsp; r\u00e2le,&nbsp; il grogne, il s&#8217;attaque \u00e0 l&#8217;honneur de ses sup\u00e9rieurs comme \u00e0 celui de ses subalternes, il temp\u00eate contre&nbsp; le pays, les autres&#8230; sans payer la contrepartie par le travail et la discipline.<\/p>\n\n\n\n<p>Pourtant, d\u00e8s qu&#8217;il quitte le pays, pas tr\u00e8s loin; juste une vir\u00e9e dans le Grand Maghreb, il&nbsp; r\u00e9alise&nbsp;sa chance&nbsp;de vivre dans un pays o\u00f9&nbsp; il n&#8217;y&nbsp;a pas de guerre, o\u00f9 les enfants vivent en s\u00e9curit\u00e9 , o\u00f9 il n&#8217;y a pas de cris\u00ades aig\u00fces ni d&#8217;arbitraire.&nbsp; Dans&nbsp; un ramdam,&nbsp; l&#8217;opposition&nbsp; fait des reproches au discours du Chef de l&#8217;Etat. Cela me fait penser au proverbe tunisien qui dit : \u00abSi le chameau devait se retourner pour voir sa bosse, il briserait son cou\u00bb . En v\u00e9rit\u00e9, pour tout changement chez cer\u00adtains&nbsp;chefs&nbsp;de parti&nbsp;de&nbsp;l&#8217;opposition, islamistes&nbsp; inclus, on n&#8217;a pas remarqu\u00e9 d&#8217;autres faits que l&#8217;acquisition de Mercedes ou autres bolides, de cos\u00adtumes neufs et de grands &nbsp;airs.<\/p>\n\n\n\n<p>Si c&#8217;est cela la finalit\u00e9 du multipartisme, le confort per\u00adsonnel du \u00abchef\u00bb, les photos&nbsp;\u00e0 la TV ou sur les journaux , l&#8217;apparition au Palais de Carthage, sans qu&#8217;aucun&nbsp; programme ne soit pr\u00e9sent\u00e9 au peuple de\u00adpuis trois ans, si les partis demeurent sans substance et sans actions, alors on se demande \u00e0 quoi ils nous servent au juste.<\/p>\n\n\n\n<p>Le&nbsp; peuple&nbsp; n&#8217;est pas dupe. On essaie de semer la zizanie sous pr\u00e9texte de l&#8217;existence ou de la non- existence de la d\u00e9mocratie, alors&nbsp; que&nbsp; nos&nbsp; soucis&nbsp; sont existentiels&nbsp; et&nbsp; qu&#8217;il s&nbsp; sont&nbsp; ailleurs. Ils sont \u00e0 l&#8217;origine de notre malaise,&nbsp;de&nbsp;notre&nbsp;d\u00e9prime.<\/p>\n\n\n\n<p>Ce que veut&nbsp; le&nbsp; peuple&nbsp; est clair : il veut qu&#8217;on&nbsp; le d\u00e9livre du laisser-aller qui&nbsp; a&nbsp;envahi&nbsp;le pays sur tous les plans : que ce soit au niveau&nbsp; des&nbsp; autoroutes que des chauffards, hier bergers, prennent en sens&nbsp; inverse; que&nbsp; ce&nbsp; soit&nbsp; au&nbsp;niveau des \u00e9coles \u00e9tatiques o\u00f9 les enseignants s&#8217;absentent fr\u00e9quemment sans motif s\u00e9rieux,&nbsp; que&nbsp;ce&nbsp;soit au&nbsp;niveau&nbsp;de&nbsp;l&#8217;administration o\u00f9 l&#8217;on vous d\u00e9go\u00fbte d&#8217;exister, que ce soit&nbsp;au&nbsp;niveau des&nbsp;abus de pouvoir que des personnes influentes&nbsp; exercent&nbsp; sans&nbsp; titre ; que&nbsp;ce&nbsp;soit&nbsp;au&nbsp;niveau&nbsp;de l&#8217;homme de&nbsp; la&nbsp;rue devenu agressif&nbsp; et&nbsp;mal&nbsp;\u00e9duqu\u00e9;&nbsp; que ce soit au niveau de la chert\u00e9 de la vie que des commer\u00e7ants entretiennent sans vergogne&#8230; Enfin, la liste n&#8217;est pas limitative.<\/p>\n\n\n\n<p>C&#8217;est peu-\u00eatre terre \u00e0 terre, mais la vie est faite du quotidien.<\/p>\n\n\n\n<p>Alors, franchement, la crise du Golfe pour laquelle se sont mobilis\u00e9s (!?) et unis tous&nbsp; les partis, est tr\u00e8s certainement importante, mais la charit\u00e9 bien ordonn\u00e9e&nbsp;&nbsp; commence&nbsp;&nbsp;par soi-m\u00eame.<\/p>\n\n\n\n<p>Le peuple veut&nbsp; vivre en paix , il exige la discipline, l&#8217;ordre, la justice&nbsp; &nbsp;sociale, le&nbsp;pain&nbsp;pour tous,&nbsp; le&nbsp; travail&nbsp;&nbsp; pour&nbsp;tous,&nbsp; le bien-\u00eatre&nbsp; pour tous et la dignit\u00e9 du&nbsp; Tunisien.<\/p>\n\n\n\n<p>Si le Pr\u00e9sident de la R\u00e9publique&nbsp; \u0153uvre&nbsp; pour&nbsp; nos aspirations, il est notre homme. Franchement, nous ne voulons pas de&nbsp; quelqu&#8217;un&nbsp; qui&nbsp; permettrait \u00e0 qui&nbsp;que&nbsp;ce&nbsp; soit&nbsp; de&nbsp;mettre le pays \u00e0 feu et \u00e0 sang, de recourir aux incendies , au vitriol, \u00e0 l&#8217;endommagement des biens publics, &nbsp;aux &nbsp;explosifs , au nom de la d\u00e9mocratie.<\/p>\n\n\n\n<p>ll n&#8217;y a pas de bons droits par l&#8217;installation de la terreur. Tout probl\u00e8me peut et doit pouvoir trouver sa solution dans le dialogue. Et jamais la d\u00e9mocratie ne peut \u00eatre acquise par le terrorisme.<\/p>\n\n\n\n<p>Alors qu&#8217;on sache que le peuple tunisien n&#8217;est pas aussi niais qu&#8217;on le croit. Il a d&#8217;ailleurs une mentalit\u00e9 curieuse. Il admet qu&#8217;on l&#8217;\u00e9crase, mais pas qu&#8217;on le roule.<\/p>\n","protected":false},"excerpt":{"rendered":"<p>On se demande\u00a0 pourquoi, d\u00e8s\u00a0 que\u00a0 vous demandez\u00a0 \u00e0\u00a0 quel\u00adqu&#8217;un, le plus \u00a0innocemment \u00a0du monde, comment il va, il vous r\u00e9pond: &#8211; \u00abOh! j\u00e8 ne suis pas bien portant! j&#8217;ai la rate qui se dilate et le foie bien trop gras ; j&#8217;ai l&#8217;abdomen&nbsp; qui&nbsp; se d\u00e9m\u00e8ne, les genoux bien trop mous. J&#8217;ai la hanche&#8230;<\/p>\n","protected":false},"author":1,"featured_media":0,"comment_status":"open","ping_status":"open","sticky":false,"template":"","format":"standard","meta":[],"categories":[1],"tags":[],"_links":{"self":[{"href":"http:\/\/emnadaf.cluster029.hosting.ovh.net\/index.php\/wp-json\/wp\/v2\/posts\/59"}],"collection":[{"href":"http:\/\/emnadaf.cluster029.hosting.ovh.net\/index.php\/wp-json\/wp\/v2\/posts"}],"about":[{"href":"http:\/\/emnadaf.cluster029.hosting.ovh.net\/index.php\/wp-json\/wp\/v2\/types\/post"}],"author":[{"embeddable":true,"href":"http:\/\/emnadaf.cluster029.hosting.ovh.net\/index.php\/wp-json\/wp\/v2\/users\/1"}],"replies":[{"embeddable":true,"href":"http:\/\/emnadaf.cluster029.hosting.ovh.net\/index.php\/wp-json\/wp\/v2\/comments?post=59"}],"version-history":[{"count":2,"href":"http:\/\/emnadaf.cluster029.hosting.ovh.net\/index.php\/wp-json\/wp\/v2\/posts\/59\/revisions"}],"predecessor-version":[{"id":185,"href":"http:\/\/emnadaf.cluster029.hosting.ovh.net\/index.php\/wp-json\/wp\/v2\/posts\/59\/revisions\/185"}],"wp:attachment":[{"href":"http:\/\/emnadaf.cluster029.hosting.ovh.net\/index.php\/wp-json\/wp\/v2\/media?parent=59"}],"wp:term":[{"taxonomy":"category","embeddable":true,"href":"http:\/\/emnadaf.cluster029.hosting.ovh.net\/index.php\/wp-json\/wp\/v2\/categories?post=59"},{"taxonomy":"post_tag","embeddable":true,"href":"http:\/\/emnadaf.cluster029.hosting.ovh.net\/index.php\/wp-json\/wp\/v2\/tags?post=59"}],"curies":[{"name":"wp","href":"https:\/\/api.w.org\/{rel}","templated":true}]}}