{"id":61,"date":"2021-04-24T15:56:06","date_gmt":"2021-04-24T13:56:06","guid":{"rendered":"http:\/\/emnadaf.cluster029.hosting.ovh.net\/?p=61"},"modified":"2021-04-24T15:56:06","modified_gmt":"2021-04-24T13:56:06","slug":"ces-nobles-figures-qui-sen-vont","status":"publish","type":"post","link":"http:\/\/emnadaf.cluster029.hosting.ovh.net\/index.php\/2021\/04\/24\/ces-nobles-figures-qui-sen-vont\/","title":{"rendered":"Ces nobles figures qui s&#8217;en vont"},"content":{"rendered":"\n<p>* <strong>Le Pr\u00e9sident Mohamed Ben Abdallah n&#8217;est plus. <\/strong>Le corps de la magistrature est en deuil. Il a \u00e9t\u00e9 rap\u00adpel\u00e9 \u00e0 Dieu le Mis\u00e9ricordieux le 24 ao\u00fbt 1994 \u00e0 l&#8217;\u00e2ge de 59\u00a0 ans.<\/p>\n\n\n\n<p>Juge du si\u00e8ge\u00a0 principalement,\u00a0 le Droit civil n&#8217;avait aucun secret pour lui, Pr\u00e9sident de chambre \u00e0 la Cour d&#8217;appel de Tunis, il dominait le R\u00e9f\u00e9r\u00e9 \u00abminutieusement\u00bb. \u00abJustement\u00bb, avec l&#8217;aisance du savoir et de la comp\u00e9ten\u00ad ce.<\/p>\n\n\n\n<p>Premier\u00a0\u00a0 Pr\u00e9sident\u00a0\u00a0 de\u00a0\u00a0\u00a0 la\u00a0\u00a0\u00a0 Cour d&#8217; Appel de Sfax durant l&#8217;ann\u00e9e judiciaire 1993-1994, il \u00e9tait appel\u00e9 \u00e0 exercer les fonctions de Pr\u00e9sident de Chambre \u00e0 la Cour de Cassation en Septembre 1994.<\/p>\n\n\n\n<p>Monsieur H\u00e9di Bessadok, Pr\u00e9sident de la Cour de Cassation, Monsieur Abdelwaheb Ben Ameur, Pr\u00e9sident de la Cour d&#8217;appel, contact\u00e9s, la larme \u00e0 l&#8217;\u0153il, d\u00e9clar\u00e8rent de concert \u00abLa justi\u00ad ce a perdu un homme droit, int\u00e8gre travailleur, comp\u00e9tent&#8230;\u00bb.<\/p>\n\n\n\n<p>Il est vrai que c&#8217;est l&#8217;avis&nbsp; unanime&nbsp; de tous ceux qui l&#8217;ont connu de pr\u00e8s&nbsp; ou de loin.<\/p>\n\n\n\n<p><strong>A <\/strong>sa famille endeuill\u00e9e nous pr\u00e9sen\u00ad tons nos sinc\u00e8res condol\u00e9ances. Il leur aura\u00a0 laiss\u00e9\u00a0 un\u00a0 h\u00e9ritage\u00a0\u00a0 inestimable: l&#8217;Honneur et la vertu que nous lui connaissions.<\/p>\n\n\n\n<p>* <strong>Le&nbsp; <\/strong><strong>Docteur&nbsp; Ezzeddine Annabi<\/strong><strong><\/strong><\/p>\n\n\n\n<p><strong>s&#8217;est \u00e9teint. <\/strong>A sa famille, nous pr\u00e9sen\u00ad tons nos sinc\u00e8res condol\u00e9ances\u00a0\u00a0 attrist\u00e9es et \u00e0 ses petits enfants et aux n\u00f4tres, nous voulons raconter en quelques lignes qui fut ce grand Monsieur. Pour que la m\u00e9moire se souvienne.<\/p>\n\n\n\n<p>M\u00e9decin g\u00e9n\u00e9raliste, convaincu du serment\u00a0 d&#8217;Hippocrate,\u00a0 il\u00a0 exer\u00e7ait la m\u00e9decine pour la m\u00e9decine. M\u00e9decin des pauvres, mais aussi des riches, il lui arrivait souvent d&#8217;oublier de demander ses honoraires, quand il n&#8217;assistait pas en plus ses patients en m\u00e9dicaments, en temps et en argent. Il traitait de la m\u00eame mani\u00e8re courtoise et patiente ses malades qui l&#8217;investissaient de leur confiance ind\u00e9fectible.<\/p>\n\n\n\n<p>Il \u00e0 eu\u00a0 la chance\u00a0 de\u00a0 vivre l&#8217;\u00e9poque o\u00f9 les\u00a0 m\u00e9decins\u00a0 g\u00e9n\u00e9ralistes\u00a0en\u00a0Tunisie,\u00a0 comme\u00a0 actuellement\u00a0 dans le monde \u00e9volu\u00e9, avaient le privil\u00e8ge d&#8217;\u00eatre les amis, conseils des familles sur des g\u00e9n\u00e9rations.<\/p>\n\n\n\n<p>Que son \u00e2me repose en paix.<\/p>\n\n\n\n<p>* <strong>Ma\u00eetre Ammar Dakhlaoui, <\/strong>avo\u00adcat pr\u00e8s la Cour de Cassation de Tunis, a rejoint sa derni\u00e8re demeure le 13 ao\u00fbt 1994, le jour de la F\u00eate de la Femme. Tous ceux qui ont connu ce monstre sacr\u00e9 du Barreau, n&#8217;igno\u00adraient rien de sa v\u00e9n\u00e9ration pour le sexe faible, ils ont appr\u00e9ci\u00e9 la touche d&#8217;humour de son d\u00e9part. Que Dieu l&#8217;accueille\u00a0 dans sa mis\u00e9ricorde.<\/p>\n\n\n\n<p>Le jour de la F\u00eate de la Femme, une femme d\u00e9cida que ses droits irr\u00e9versibles inscrits dans le Code du Statut personnel la mettant sur le m\u00eame pied d&#8217;\u00e9galit\u00e9 que l&#8217;homme, et pour les\u00adquels elle est pr\u00eate \u00e0 sacrifier sa vie, lui permettent d&#8217;accompagner une derni\u00e8re fois au cimeti\u00e8re son p\u00e8re. Chacun sait comment enterrer son p\u00e8re, n&#8217; est-ce pas?<\/p>\n\n\n\n<p>Et pourtant ce ne sont pas des isla\u00admistes int\u00e9gristes, ces formes blanches (djebba), suantes et pantelantes, qui couraient derri\u00e8re elle pour lui dire\u00a0 que les traditions&#8230; l&#8217;usage&#8230; la coutu\u00adme&#8230; sans aucune pudeur. Ce ne sont pas des islamistes int\u00e9\u00adgristes \u00e0 la municipalit\u00e9 du Bardo qui ont refus\u00e9, d&#8217;apr\u00e8s M. Salah Zghidi (R\u00e9alit\u00e9s n\u00b0 463) de c\u00e9l\u00e9brer le maria\u00adge d&#8217;un couple \u00e0 cause du sexe f\u00e9mi\u00adnin du t\u00e9moin, le jour \u00abJ\u00bb de la c\u00e9l\u00e9\u00adbration\u00a0 du\u00a038\u00e8me\u00a0 anniversaire de la naissance de la Libert\u00e9 de la Femme tunisienne.<\/p>\n\n\n\n<p>Mais non! je ne pr\u00e9senterai pas mes condol\u00e9ances \u00e0 la Femme tunisienne, je lui demande d&#8217;opter pour le linceul, en martyr de la libert\u00e9, plut\u00f4t que de se soumettre au khimar.<\/p>\n","protected":false},"excerpt":{"rendered":"<p>* Le Pr\u00e9sident Mohamed Ben Abdallah n&#8217;est plus. Le corps de la magistrature est en deuil. Il a \u00e9t\u00e9 rap\u00adpel\u00e9 \u00e0 Dieu le Mis\u00e9ricordieux le 24 ao\u00fbt 1994 \u00e0 l&#8217;\u00e2ge de 59\u00a0 ans. Juge du si\u00e8ge\u00a0 principalement,\u00a0 le Droit civil n&#8217;avait aucun secret pour lui, Pr\u00e9sident de chambre \u00e0 la Cour d&#8217;appel de Tunis, il&#8230;<\/p>\n","protected":false},"author":1,"featured_media":0,"comment_status":"open","ping_status":"open","sticky":false,"template":"","format":"standard","meta":[],"categories":[1],"tags":[],"_links":{"self":[{"href":"http:\/\/emnadaf.cluster029.hosting.ovh.net\/index.php\/wp-json\/wp\/v2\/posts\/61"}],"collection":[{"href":"http:\/\/emnadaf.cluster029.hosting.ovh.net\/index.php\/wp-json\/wp\/v2\/posts"}],"about":[{"href":"http:\/\/emnadaf.cluster029.hosting.ovh.net\/index.php\/wp-json\/wp\/v2\/types\/post"}],"author":[{"embeddable":true,"href":"http:\/\/emnadaf.cluster029.hosting.ovh.net\/index.php\/wp-json\/wp\/v2\/users\/1"}],"replies":[{"embeddable":true,"href":"http:\/\/emnadaf.cluster029.hosting.ovh.net\/index.php\/wp-json\/wp\/v2\/comments?post=61"}],"version-history":[{"count":1,"href":"http:\/\/emnadaf.cluster029.hosting.ovh.net\/index.php\/wp-json\/wp\/v2\/posts\/61\/revisions"}],"predecessor-version":[{"id":62,"href":"http:\/\/emnadaf.cluster029.hosting.ovh.net\/index.php\/wp-json\/wp\/v2\/posts\/61\/revisions\/62"}],"wp:attachment":[{"href":"http:\/\/emnadaf.cluster029.hosting.ovh.net\/index.php\/wp-json\/wp\/v2\/media?parent=61"}],"wp:term":[{"taxonomy":"category","embeddable":true,"href":"http:\/\/emnadaf.cluster029.hosting.ovh.net\/index.php\/wp-json\/wp\/v2\/categories?post=61"},{"taxonomy":"post_tag","embeddable":true,"href":"http:\/\/emnadaf.cluster029.hosting.ovh.net\/index.php\/wp-json\/wp\/v2\/tags?post=61"}],"curies":[{"name":"wp","href":"https:\/\/api.w.org\/{rel}","templated":true}]}}