{"id":67,"date":"2021-04-24T16:44:13","date_gmt":"2021-04-24T14:44:13","guid":{"rendered":"http:\/\/emnadaf.cluster029.hosting.ovh.net\/?p=67"},"modified":"2021-04-24T16:44:13","modified_gmt":"2021-04-24T14:44:13","slug":"et-si-on-accordait-nos-violons","status":"publish","type":"post","link":"http:\/\/emnadaf.cluster029.hosting.ovh.net\/index.php\/2021\/04\/24\/et-si-on-accordait-nos-violons\/","title":{"rendered":"Et si on accordait nos violons ?"},"content":{"rendered":"\n<p><strong><em>Tous les journaux de la place parlent de D\u00e9mocratie. Des slogans g\u00e9ants inscrits sur des banderoles pendent sur nos t\u00eates, se balancent entre les arbres, nous rappelant cette valeur politique \u00e0 laquelle aspirent tous les peuples opprim\u00e9s.<\/em><\/strong><\/p>\n\n\n\n<p>A l&#8217;\u00e8re de la D\u00e9mocratie, en Tunisie, alors que nous attendons de nos enfants leur \u00e9panouissement, dans un syst\u00e8me de d\u00e9mocratie et dans une ambiance de Libert\u00e9s et de Droits de l&#8217;Homme, alors que les m\u00e9dias les confrontent \u00e0 une jeunesse occidentale pouss\u00e9e vers la cr\u00e9ativit\u00e9, l&#8217;initia\u00adtive personnelle et libre, vers les d\u00e9couvertes en mer, sur terre et dans les montagnes et bient\u00f4t dans l&#8217;espace, notre jeunesse tunisien\u00adne, surtout \u00e0 l&#8217;int\u00e9rieur du pays, et en phase d&#8217;adolescence tardive (18 ans), s&#8217;accroche encore aux jupes de la m\u00e8re, cherchant \u00e0 neu\u00adtraliser la peur du p\u00e8re. Cette attitude est tr\u00e8s confortable pour l&#8217;orgueil, la m\u00e9galomanie et l&#8217;auto-satisfaction du g\u00e9niteur; plus on est craint et moins on a de contestations. C&#8217;est souvent h\u00e9las l&#8217;attitude du chef, dans les familles arabes &#8211; C&#8217;est, je crois, pourquoi l&#8217;on assiste depuis la nuit des temps aux parri\u00adcides, aux r\u00e9gicides. Un poignard entre les deux omoplates dans un lieu de culte, alors que le chef s&#8217;abandonne \u00e0 la prosternation, face au Tout Puissant, est horriblement cho\u00adquant, et pourtant tous nos professeurs d&#8217;his\u00adtoire offrent les r\u00e9cits riches en d\u00e9tails \u00e0 tous les enfants de toutes les g\u00e9n\u00e9rations, et s&#8217;offrent la b\u00eatise de les r\u00e9p\u00e9ter immanqua\u00adblement, comme pour faire de l&#8217;esprit ou montrer leur savoir de colonis\u00e9. C&#8217;est pour cela \u00abqu&#8217;on dit des Arabes qu&#8217;ils sont belli\u00adqueux\u00bb.<\/p>\n\n\n\n<p>D&#8217;o\u00f9 nous vient cette mentalit\u00e9 castratri\u00adce de la jeunesse qui grandit en empruntant souvent deux chemins, fatalement, celui des meneurs, celui des men\u00e9s; celui des dictateurs et celui des soumis, qui de plus sont tr\u00e8s recommand\u00e9s pour faire reluire les souliers.<\/p>\n\n\n\n<p>Peut-\u00eatre trouverons-nous la source dans le Code P\u00e9nal dont la date de promulgation remonte au 9 juillet 1913 dans la section VI, du 3\u00e8me livre, et dans le chapitre: \u00abDes contraventions\u00bb, l&#8217;article 319 relatif aux infractions se rapportant aux personnes men\u00adtionne\u00a0 explicitement\u00a0dans\u00a0 l&#8217;alin\u00e9a \u00a02: \u00abToutefois, la correction inflig\u00e9e \u00e0 un enfant par les personnes ayant autorit\u00e9 sur lui n&#8217;est pas punissable\u00bb, alors que l&#8217;article 317 alin\u00e9a 4 promet la prison et l&#8217;amende pour ceux qui exercent de mauvais traitements sur les animaux.<\/p>\n\n\n\n<p>L&#8217;article 224 C.P. punit de cinq ans les mauvais traitements inflig\u00e9s \u00e0 un enfant et s&#8217;empresse de<strong> <\/strong>pr\u00e9ciser que les mauvais traite\u00adments: \u00abC&#8217;est la privation habituelle d&#8217;ali\u00adments et de soins\u00bb.<\/p>\n\n\n\n<p>L&#8217;article 218 C.P., comme pour mieux rendre totalement infirme et d\u00e9bile la jeunes\u00adse, affirme: \u00abSi le coupable de violences est un descendant de la victime, la peine est de cinq ans d&#8217;emprisonnement\u00bb.<\/p>\n\n\n\n<p>D&#8217;o\u00f9 on peut conclure qu&#8217;au-del\u00e0 du res\u00adpect moral<strong> <\/strong>et naturel des enfants vis-\u00e0-vis de<strong> <\/strong>leurs parents, que le Coran recommande, les lois positives fic\u00e8lent toute possibilit\u00e9 d&#8217;expression m\u00eame verbale, et conduisent ainsi directement la jeunesse \u00e0 la frustration, \u00e0 la haine sournoise, \u00e0 la prison, pour transfert d&#8217;agressivit\u00e9 sur les tiers, les biens publics et, h\u00e9las, m\u00eame contre le bon Dieu, en paroles et injures. Ou alors certains jeunes \u00e9chouent dans un asile psychiatrique, dans le milieu de la drogue et de l&#8217;alcool, en fait soit pour oublier qu&#8217;ils sont des lavettes, soit pour \u00e9prouver la sensation que ce sont des adultes, libres, qu&#8217;ils ont de la personnalit\u00e9 durant la phase d&#8217;\u00e9bri\u00e9t\u00e9. De toutes fa\u00e7ons tout est g\u00e2chis.<\/p>\n\n\n\n<p>Loin de moi l&#8217;id\u00e9e de contrevenir \u00e0 la recommandation divine inscrite clairement dans notre livre sacr\u00e9: \u00abNe leur dites pas, ouf et traitez-les (les parents) avec bienveillance\u00bb. La sourate du Coran continue \u00abcomme ils vous ont trait\u00e9 enfant\u00bb. A mon avis, c&#8217;est l\u00e0 toute la philosophie et la psychologie de l&#8217;enfant souffl\u00e9e par Dieu il y a quinze si\u00e8cles aux Musulmans.<\/p>\n\n\n\n<p>Mais la r\u00e9alit\u00e9 dans notre soci\u00e9t\u00e9 est plu\u00adt\u00f4t am\u00e8re: les enfants fouett\u00e9s par leurs parents; les enfants marqu\u00e9s au fer rouge par un des ascendants; les enfants baillonn\u00e9s et ficel\u00e9s pour un ou deux jours; les enfants condamn\u00e9s \u00e0 vivre tout une nuit ligot\u00e9s autour d&#8217;un arbre. Tout cela existe, et c&#8217;est r\u00e9voltant, Malheureusement ces d\u00e9lits, ces crimes n&#8217;arrivent ni aux juges, ni aux m\u00e9de\u00adcins. Ils sont v\u00e9cus au noir car les parents savent qu&#8217;ils ne sont pas punissables, parce que les voisins pensent qu&#8217;il est malsain de se m\u00ealer d&#8217;affaires de famille, de s&#8217;interpose entre les enfants et les parents.<\/p>\n\n\n\n<p>Mon opinion est que Messieurs-Dames les d\u00e9put\u00e9s devraient r\u00e9fl\u00e9chir \u00e0 r\u00e9viser cet article 319. 1. -Il serait plus intelligent et plus juste de d\u00e9terminer le sens exact et la limite de la correction inflig\u00e9e aux enfants par les parents? 2- Par ailleurs, citer exactement qui sont les personnes ayant autorit\u00e9 sur lui ? Les tuteurs, les ma\u00eetres, les professeurs, le direc\u00adteur d&#8217;un centre de r\u00e9\u00e9ducation&#8230; ? ou tous?<strong> <\/strong>3- L&#8217;appr\u00e9ciation des motifs de la correction! 4- Le pr\u00e9judice corporel? 5- Est-il vraiment besoin de battre sur la t\u00eate un enfant qui n&#8217;a pas fait ses exercices, etc&#8230; 6- Enfin p\u00e9naliser toute personne qui commettrait le d\u00e9lit de commission par omission, c&#8217;est-\u00e0-dire qui omet de signaler au juge les tortures d&#8217;un enfant, d&#8217;une fa\u00e7on anonyme au moins. 7- Et surtout d&#8217;enrayer la mentalit\u00e9 qu&#8217;on reste tou\u00adjours mineur face \u00e0 ses ascendants.<\/p>\n\n\n\n<p>En fait la D\u00e9mocratie est pr\u00e9vue pour les gens libres, ceux qui n&#8217;ont jamais subi l&#8217;humiliation \u00e0 partir du berceau, ceux qui sont habitu\u00e9s \u00e0 la contestation et au dialogue avec leurs parents et leurs professeurs.<\/p>\n\n\n\n<p>Comment voulez-vous qu&#8217;un homme tunisien se retienne de battre sa femme ou ses enfants quand il a \u00e9t\u00e9 \u00e0 l&#8217;\u00e9cole de la soumis\u00adsion aveugle, des corrections injustifi\u00e9es, des corrections incontest\u00e9es. Il prend la rel\u00e8ve! voil\u00e0 tout!-Comment veut-on qu&#8217;il appren\u00adne \u00e0 discuter, \u00e0 r\u00e9fl\u00e9chir, \u00e0 faire des discours spontan\u00e9ment, \u00e0 manier le verbe et les hommes, \u00e0 ne pas installer son pouvoir sur la terreur&#8230;?<\/p>\n\n\n\n<p>Peut-\u00eatre qu&#8217;on devrait accorder nos vio\u00adlons avant de parler Droits de l&#8217;Homme, D\u00e9mocratie, Droits de l&#8217;enfant, Droits de la femme.<\/p>\n","protected":false},"excerpt":{"rendered":"<p>Tous les journaux de la place parlent de D\u00e9mocratie. Des slogans g\u00e9ants inscrits sur des banderoles pendent sur nos t\u00eates, se balancent entre les arbres, nous rappelant cette valeur politique \u00e0 laquelle aspirent tous les peuples opprim\u00e9s. A l&#8217;\u00e8re de la D\u00e9mocratie, en Tunisie, alors que nous attendons de nos enfants leur \u00e9panouissement, dans un&#8230;<\/p>\n","protected":false},"author":1,"featured_media":0,"comment_status":"open","ping_status":"open","sticky":false,"template":"","format":"standard","meta":[],"categories":[1],"tags":[],"_links":{"self":[{"href":"http:\/\/emnadaf.cluster029.hosting.ovh.net\/index.php\/wp-json\/wp\/v2\/posts\/67"}],"collection":[{"href":"http:\/\/emnadaf.cluster029.hosting.ovh.net\/index.php\/wp-json\/wp\/v2\/posts"}],"about":[{"href":"http:\/\/emnadaf.cluster029.hosting.ovh.net\/index.php\/wp-json\/wp\/v2\/types\/post"}],"author":[{"embeddable":true,"href":"http:\/\/emnadaf.cluster029.hosting.ovh.net\/index.php\/wp-json\/wp\/v2\/users\/1"}],"replies":[{"embeddable":true,"href":"http:\/\/emnadaf.cluster029.hosting.ovh.net\/index.php\/wp-json\/wp\/v2\/comments?post=67"}],"version-history":[{"count":1,"href":"http:\/\/emnadaf.cluster029.hosting.ovh.net\/index.php\/wp-json\/wp\/v2\/posts\/67\/revisions"}],"predecessor-version":[{"id":68,"href":"http:\/\/emnadaf.cluster029.hosting.ovh.net\/index.php\/wp-json\/wp\/v2\/posts\/67\/revisions\/68"}],"wp:attachment":[{"href":"http:\/\/emnadaf.cluster029.hosting.ovh.net\/index.php\/wp-json\/wp\/v2\/media?parent=67"}],"wp:term":[{"taxonomy":"category","embeddable":true,"href":"http:\/\/emnadaf.cluster029.hosting.ovh.net\/index.php\/wp-json\/wp\/v2\/categories?post=67"},{"taxonomy":"post_tag","embeddable":true,"href":"http:\/\/emnadaf.cluster029.hosting.ovh.net\/index.php\/wp-json\/wp\/v2\/tags?post=67"}],"curies":[{"name":"wp","href":"https:\/\/api.w.org\/{rel}","templated":true}]}}