{"id":81,"date":"2021-04-25T20:09:16","date_gmt":"2021-04-25T18:09:16","guid":{"rendered":"http:\/\/emnadaf.cluster029.hosting.ovh.net\/?p=81"},"modified":"2021-04-25T20:09:16","modified_gmt":"2021-04-25T18:09:16","slug":"vaincre-nest-pas-conquerir","status":"publish","type":"post","link":"http:\/\/emnadaf.cluster029.hosting.ovh.net\/index.php\/2021\/04\/25\/vaincre-nest-pas-conquerir\/","title":{"rendered":"Vaincre n&#8217;est pas conqu\u00e9rir"},"content":{"rendered":"\n<p>A quelque chose malheur est bon, dit-on. Et la guerre du Golfe marque incontestablement un tournant dans la vie des peuples du Tiers Monde. L&#8217;ann\u00e9e 1991 n&#8217;aura pas \u00e9t\u00e9 l&#8217;ann\u00e9e de la peste, du chol\u00e9ra ou du typhus, mais celle d&#8217;une calamit\u00e9 plus grande, dont les Tiers Mondistes ont tir\u00e9 leurs conclusions quant \u00e0 la mentalit\u00e9 des gouvernants des pays riches.<\/p>\n\n\n\n<p>A partir de l\u00e0, le citoyen du Tiers Monde demande \u00e0 ses gouvernants d&#8217;\u00eatre des gouvernants du Tiers Monde. Qu&#8217;ils renoncent aux leurres et \u00e0 la folie des grandeurs ! Qu&#8217;ils se d\u00e9fassent entre autres de leur parc automobile \u00e9valu\u00e9 \u00e0 quelques milliards, incompatible avec leur budget national limit\u00e9 et leurs moyens en p\u00e9trole ! Qu&#8217;ils compriment leur gourmandise, leurs envies et leurs avantages ! Qu&#8217;ils arr\u00eatent de pomper les caisses de l&#8217;Etat pour construire des basiliques ridicules, en l&#8217;honneur du Dieu des Blancs, qui regarde du haut de son pi\u00e9destal des petits Noirs crever de faim !<\/p>\n\n\n\n<p>Que les gouvernants commencent par donner l&#8217;exemple de la simplicit\u00e9, de l&#8217;honn\u00eatet\u00e9 et de l&#8217;abn\u00e9gation ! Qu&#8217;ils manifestent leur patriotisme afin que les peuples suivent en toute conviction et spontan\u00e9ment ! La solidarit\u00e9 nationale ne s&#8217;\u00e9dicte pas par des lois, ni ne s&#8217;impose par d\u00e9crets. Alourdir les imp\u00f4ts, sanctionner le gain injustement, p\u00e9naliser l&#8217;effort, ne peut aboutir qu&#8217;au d\u00e9couragement et \u00e0 la r\u00e9volte.<\/p>\n\n\n\n<p>Le nouvel ordre international tel que le per\u00e7oit le Tiers Monde est un nouveau colonialisme qui s&#8217;exprimera en anglais, en allemand et en japonais. Je demande \u00e0 notre ministre de l&#8217;Education et des Sciences ce qu&#8217;il attend pour planifier des r\u00e9formes en cons\u00e9quence. Certes, nous ne souhaitons pas l&#8217;autodaf\u00e9 des livres scolaires qui glorifient les valeurs, la dignit\u00e9, le courage, le respect de la famille, qui nourrissent l&#8217;\u00e2me de charit\u00e9 et de crainte de Dieu. Cela doit rester un volet de l&#8217;\u00e9ducation de nos enfants, mais nous exigeons aussi une \u00e9ducation conforme au nouvel esprit international. Il faut qu&#8217;ils parlent bien le langage des nouveaux ma\u00eetres du monde, qu&#8217;ils connaissent leurs moeurs, qu&#8217;ils \u00e9tudient leur psychologie et qu&#8217;ils se pr\u00e9parent \u00e0 les affronter en l&#8217;an 2000, s&#8217;ils ne veulent pas \u00eatre d\u00e9cim\u00e9s comme les Indiens.<\/p>\n\n\n\n<p>Il ne s&#8217;agit plus de tendre la main aux riches, ni de composer avec eux, ni d&#8217;imiter leur mod\u00e8le de soci\u00e9t\u00e9. Tout cela est r\u00e9volu. Il faut r\u00e9fl\u00e9chir s\u00e9rieusement aux probl\u00e8mes de survie pour nos enfants. Nous n&#8217;avons plus d&#8217;illusion sur l&#8217;humanisme des ma\u00eetres du ciel qui paraissent avoir d\u00e9tr\u00f4n\u00e9 Dieu le P\u00e8re.<\/p>\n\n\n\n<p>En toute franchise, je ne vois pas pourquoi on doit passer en Europe par le truchement de la langue fran\u00e7aise. Les sciences, la technologie, parlent anglais, allemand et japonais. Qu&#8217;on supprime cette langue de nos \u00e9coles primaires et qu&#8217;on lib\u00e8re ainsi nos petits, qu&#8217;on leur facilite pour l&#8217;an 2000 l&#8217;acc\u00e8s au nouvel ordre international germano-anglo-nippon !<\/p>\n\n\n\n<p>La destruction d&#8217;un pays arabe fr\u00e8re devant nos yeux noy\u00e9s dans l&#8217;impuissance ne doit en aucun cas \u00e9branler notre unit\u00e9 retrouv\u00e9e. En effet notre attachement \u00e0 notre langue et \u00e0 notre religion est capital pour notre survie. C&#8217;en\u00a0est\u00a0m\u00eame\u00a0le\u00a0ga\u00adrant. Certes, notre identit\u00e9\u00e9 africano-carthagino- maghr\u00e9bo-arabo-musulmanes est tr\u00e8s complexe . Pourtant cet amalgame, in compr\u00e9hensible pour certains, est aussi solide que le roc.<\/p>\n\n\n\n<p>Trente-cinq ans d&#8217;ind\u00e9\u00adpendance et l&#8217;intime conviction relative \u00e0 l&#8217;unit\u00e9 popu\u00adlaire ancr\u00e9e dans les tr\u00e9\u00adfonds\u00a0 du\u00a0 Tunisien,\u00a0\u00a0sa volont\u00e9 de vivre en paix, sa soif de dignit\u00e9 et de libert\u00e9, ont toujours eu raison de toutes\u00a0 les\u00a0\u00a0tentatives d&#8217;at\u00adteinte \u00e0 sa stabilit\u00e9 et \u00e0 sa souverainet\u00e9. Il y a un consensus populaire profond de mod\u00e9ration et de\u00a0pacifisme chez le Tunisien, qui lui fait consid\u00e9rer la supr\u00e9matie des nouveaux colonisateurs comme une domination des pauvres\u00a0 par les\u00a0riches, des faibles par les puissants, sel\u00adon des lois \u00e9conomiques \u00e9tablies et \u00e9videntes. Mais les Tunisiens n&#8217;accepteront ja\u00ad mais de devenir les N\u00e8gres des Blancs. <\/p>\n\n\n\n<p>Un\u00a0 confr\u00e8re\u00a0 -qui\u00a0 n&#8217;est pas un fr\u00e8re- s&#8217;est\u00a0 appro\u00adch\u00e9 sournoisement de\u00a0 moi dans la salle\u00a0 des Pas-perdus et, apr\u00e8s avoir regard\u00e9 autour de lui et s&#8217;\u00eatre assur\u00e9 que nous \u00e9tions bien seuls, m&#8217;a siffl\u00e9 entre les dents: \u00abIrez\u00ad vous voir Saddam\u00bb? Je re\u00adfuse de me laisser entra\u00eener sur le terrain des cam\u00e9l\u00e9ons. Beaucoup de\u00a0personnes n&#8217;ont pas compris qu&#8217;ordre \u00e9tait d&#8217;abattre l&#8217;Irak, avec ou sans Saddam. Voil\u00e0 main\u00adtenant que l&#8217;Alg\u00e9rie com\u00admence \u00e0 \u00eatre plac\u00e9e sans le collimateur;\u00a0il\u00a0ne tient qu&#8217;aux m\u00e9dias de la classer parmi \u00a0les premi\u00e8res \u00a0puissances\u00a0 militaires&#8230;\u00a0et de la flanquer de\u00a0missiles et d&#8217;armes\u00a0 nucl\u00e9aires&#8230; \u00a0Ajou\u00adtez -ce\u00a0qui est vrai- l&#8217;orgueil,\u00a0la\u00a0fiert\u00e9,\u00a0la\u00a0bravoure et le courage de ce\u00b7 peuple,\u00a0 pour donner\u00a0le feu vert\u00a0aux\u00a0largages de bombes&#8230;<\/p>\n","protected":false},"excerpt":{"rendered":"<p>A quelque chose malheur est bon, dit-on. Et la guerre du Golfe marque incontestablement un tournant dans la vie des peuples du Tiers Monde. L&#8217;ann\u00e9e 1991 n&#8217;aura pas \u00e9t\u00e9 l&#8217;ann\u00e9e de la peste, du chol\u00e9ra ou du typhus, mais celle d&#8217;une calamit\u00e9 plus grande, dont les Tiers Mondistes ont tir\u00e9 leurs conclusions quant \u00e0 la&#8230;<\/p>\n","protected":false},"author":1,"featured_media":0,"comment_status":"open","ping_status":"open","sticky":false,"template":"","format":"standard","meta":[],"categories":[1],"tags":[],"_links":{"self":[{"href":"http:\/\/emnadaf.cluster029.hosting.ovh.net\/index.php\/wp-json\/wp\/v2\/posts\/81"}],"collection":[{"href":"http:\/\/emnadaf.cluster029.hosting.ovh.net\/index.php\/wp-json\/wp\/v2\/posts"}],"about":[{"href":"http:\/\/emnadaf.cluster029.hosting.ovh.net\/index.php\/wp-json\/wp\/v2\/types\/post"}],"author":[{"embeddable":true,"href":"http:\/\/emnadaf.cluster029.hosting.ovh.net\/index.php\/wp-json\/wp\/v2\/users\/1"}],"replies":[{"embeddable":true,"href":"http:\/\/emnadaf.cluster029.hosting.ovh.net\/index.php\/wp-json\/wp\/v2\/comments?post=81"}],"version-history":[{"count":1,"href":"http:\/\/emnadaf.cluster029.hosting.ovh.net\/index.php\/wp-json\/wp\/v2\/posts\/81\/revisions"}],"predecessor-version":[{"id":82,"href":"http:\/\/emnadaf.cluster029.hosting.ovh.net\/index.php\/wp-json\/wp\/v2\/posts\/81\/revisions\/82"}],"wp:attachment":[{"href":"http:\/\/emnadaf.cluster029.hosting.ovh.net\/index.php\/wp-json\/wp\/v2\/media?parent=81"}],"wp:term":[{"taxonomy":"category","embeddable":true,"href":"http:\/\/emnadaf.cluster029.hosting.ovh.net\/index.php\/wp-json\/wp\/v2\/categories?post=81"},{"taxonomy":"post_tag","embeddable":true,"href":"http:\/\/emnadaf.cluster029.hosting.ovh.net\/index.php\/wp-json\/wp\/v2\/tags?post=81"}],"curies":[{"name":"wp","href":"https:\/\/api.w.org\/{rel}","templated":true}]}}