{"id":87,"date":"2021-04-26T14:45:15","date_gmt":"2021-04-26T12:45:15","guid":{"rendered":"http:\/\/emnadaf.cluster029.hosting.ovh.net\/?p=87"},"modified":"2021-04-26T14:45:15","modified_gmt":"2021-04-26T12:45:15","slug":"adieu-lami","status":"publish","type":"post","link":"http:\/\/emnadaf.cluster029.hosting.ovh.net\/index.php\/2021\/04\/26\/adieu-lami\/","title":{"rendered":"Adieu ! L&#8217;ami !"},"content":{"rendered":"\n<p><strong><em>J&#8217;ai appris ta mort lors d&#8217;une conversation banale, autour d&#8217;une tasse de caf\u00e9. Je me souviens avoir dit :\u00abNon! Ce n&#8217;est pas vrai! Quand \u00e7a?\u00bb. Et puis leur conversation \u00e0 laquelle j&#8217;\u00e9tais devenue sourde est partie sur les probl\u00e8mes d&#8217;\u00e9preuves d&#8217;examens, de bac et de \u00abbonnes\u00bb.<\/em><\/strong><\/p>\n\n\n\n<p>Je n&#8217;ai donc pas \u00e9t\u00e9 \u00e0 ton enterre\u00adment, puisque j&#8217;ai appris trop tard. Mais tu le sais bien, m\u00eame si je l&#8217;avais su, je ne l&#8217;aurais pas fait. On en avait parl\u00e9 ensemble avant. Tu me donnais raison dans l&#8217;absolu, mais tu \u00e9mettais des r\u00e9serves de traditions et de mondanit\u00e9s.<\/p>\n\n\n\n<p>Samedi soir, j&#8217;ai cru apercevoir ta silhouette mince et grande dans le hall d&#8217;accueil de l&#8217;h\u00f4tel, tu souriais com\u00adme \u00e0 l&#8217;accoutum\u00e9e, venant vers moi avec des paroles affables, t&#8217;enqu\u00e9rant des nouvelles de mes enfants, de leur p\u00e8re. Nous nous promettions tou\u00adjours de nous voir en famille, autour d&#8217;un barbecue, les enfants devaient se conna\u00eetre. comme nous nous conn\u00fbmes, la bande de Montfleury, Lyc\u00e9e Carnot&#8230; &#8211; Et puis, la Capitale et son tourbillon happaient jusqu&#8217;\u00e0 nos dimanches. Entre deux conf\u00e9rences, deux colloques, tu tenais \u00e0 m&#8217;offrir un caf\u00e9 ou un boga \u00e0 la menthe. Et puis, la mort t&#8217;a enlev\u00e9 \u00e0 cinquante ans, en un quart d&#8217;heure, le quart d&#8217;heure qu&#8217;\u00e0 notre \u00e2ge nous ne voulons pas nous accorder \u00e0 r\u00eaver. Tu sais que ton image restera toujours souriante dans ce hall d&#8217;h\u00f4tel de la ville et dans notre c\u0153ur.<\/p>\n\n\n\n<p>Tu sais aussi que je d\u00e9teste aller aux enterrements: que signifient-ils de nos jours? L&#8217;ambiance qui y r\u00e8gne me choque. D&#8217;autres m\u0153urs apparais\u00adsent qui ne correspondent pas aux miennes.<\/p>\n\n\n\n<p>En effet, il y a vingt ans et plus, les femmes se rendaient \u00e0 la maison du de-cujus, voil\u00e9es pour la circons\u00adtance, par d\u00e9cence, et par respect pour le mort; leurs voiles \u00e9taient descendus sur les \u00e9paules couvrant leurs v\u00eatements et leurs bijoux, cr\u00e9ant ainsi une \u00a0impression\u00a0 d&#8217;humilit\u00e9\u00a0 devant la volont\u00e9 divine et de d\u00e9tachement vis\u00ad \u00e0-vis des biens terrestres. Celles qui ne portaient pas le voile, couvraient leur t\u00eate d&#8217;un grand foulard ou \u00a0d&#8217;un ch\u00e2le au-dessus d&#8217;une robe ou d&#8217;un manteau de couleur discr\u00e8te voire fonc\u00e9e. Les cheveux \u00e9taient ramass\u00e9s et le visage lav\u00e9 \u00e0 l&#8217;eau pure.<\/p>\n\n\n\n<p>Les femmes arrivaient sur les lieux, en silence, \u00a0s&#8217;asseyaient, \u00a0et compatissaient avec la famille du d\u00e9funt, dans les larmes, dans les lamentations ou autres, selon l&#8217;\u00e2ge du de-cujus, le milieu social, la soudainet\u00e9 de la mort, les liens attachant les amis au de-cujus&#8230; Une semaine environ, la maison du d\u00e9funt vivait dans la douleur, le respect, la dignit\u00e9, et les manifestations de sympathie des amis, des parents et des voisins.<\/p>\n\n\n\n<p>Or, que voit-on depuis plus d&#8217; une d\u00e9cennie: les femmes vont aux enterrements sur leur &#8220;trente et un&#8221;. Elles mettent leurs\u00a0 robes, leurs\u00a0 chaussures et leurs sacs les plus chics, les plus chers. Quand c&#8217;est l&#8217;\u00e9t\u00e9, elles mettent des\u00a0 robes \u00e0 fleurs d\u00e9collet\u00e9es\u00a0 jusqu&#8217;\u00e0 la\u00a0 racine\u00a0 des\u00a0 seins;\u00a0 fard\u00e9es, coiff\u00e9es, \u00abm\u00e9ch\u00e9es\u00bb, bronz\u00e9es, seul le rouge \u00e0 l\u00e8vres n&#8217;est pas mis. C&#8217;est un v\u00e9ri\u00adtable d\u00e9fil\u00e9 de mannequins. Leurs cl\u00e9s de voitures \u00e0 la main (\u00e7a ne vous rappelle rien?), les jambes crois\u00e9es sur des mini-jupes, elles tirent leurs paquets de cigarettes, \u00e0 peine le corps du de-cujus quitte les lieux, et on entend un brouhaha, allant crescendo, et \u00e7a papote! Et \u00e7a raconte! Un salon de th\u00e9 est certainement plus silen\u00adcieux. Des amies d&#8217;antan qu&#8217;on n&#8217;a pas vues\u00a0 depuis\u00a0 la\u00a0 nuit\u00a0 des \u00a0temps ! \u00abCombien tu as d&#8217;enfants? Les filles sont mari\u00e9es? Ah oui! Ils se marient quand? Ah! bon, ils ont divorc\u00e9s! Tiens, je te laisse mes coordonn\u00e9es passe me voir!\u00bb.<\/p>\n\n\n\n<p> On ne fait plus attention \u00e0 la dou\u00adleur de\u00a0 la m\u00e8re, de l&#8217;\u00e9pouse, des soeurs, des enfants&#8230; Le mort n&#8217;est m\u00eame plus Monsieur; il a \u00e9t\u00e9 enlev\u00e9 par les croque-morts. <\/p>\n\n\n\n<p>On ne se souvient m\u00eame plus du bon Dieu, ou\u00a0 plut\u00f4t\u00a0 par voie de cassettes de Coran interpos\u00e9es. Celles-ci sont enclench\u00e9es distraitement, elles s&#8217;arr\u00eatent, on les oublie. Pourtant, qui est-ce qui peut rappeler, plus que la mort, la fragilit\u00e9 de notre destin. la futilit\u00e9 de nos querelles, les stress et la fatigue. Mai aussi, la joie et la simplicit\u00e9 du bonheur.<\/p>\n\n\n\n<p>Les\u00a0 hommes\u00a0 courent\u00a0 vers les enterrements\u00a0o\u00f9 l&#8217;on voit le \u00abTout\u00ad Tunis\u00bb. O\u00f9 l&#8217;on est vu par les rela\u00adtions. O\u00f9 l&#8217;on se rappelle \u00e0 la m\u00e9moi\u00adre des autres. La nouvelle mode est de mettre des photos du de-cujus sur les journaux: un vieux, une vieille de 90 ans., \u00e9dent\u00e9s, on ne voit pas quelle serait l&#8217;issue de leurs vies, si ce n&#8217;est la mort. La photo de jeunes souriants qui auraient bien aim\u00e9 vivre et que l&#8217;id\u00e9e de la mort n&#8217;aurait pas fait sou\u00adrire.<\/p>\n\n\n\n<p>Des remerciements sont publi\u00e9s et l&#8217;on commence par les officiels, les grad\u00e9s, les puissants, hi\u00e9rarchique\u00adment., comme si dans notre religion et<\/p>\n\n\n\n<p>dans la mort, on estime encore les fauteuils. Je crois que le tarif pour les morts, c&#8217;est cinq m\u00e8tres de percale et quelques pieds sous terre. Vois-tu, l&#8217;ami, nous t&#8217;aimons trop pour te rendre le dernier hommage dans le cirque des mondanit\u00e9s. D&#8217;amis \u00e0 ami, nous te disons \u00absalut Abed\u00bb, le salut des copains. Mais<strong> <\/strong>chaque fois qu&#8217;on ira au Mechtel, on prendra un verre de boga \u00e0 la menthe, on portera un verre \u00e0 l&#8217;amiti\u00e9, comme d&#8217;habitude et comme avant les nou\u00advelles modes.<\/p>\n","protected":false},"excerpt":{"rendered":"<p>J&#8217;ai appris ta mort lors d&#8217;une conversation banale, autour d&#8217;une tasse de caf\u00e9. Je me souviens avoir dit :\u00abNon! Ce n&#8217;est pas vrai! Quand \u00e7a?\u00bb. Et puis leur conversation \u00e0 laquelle j&#8217;\u00e9tais devenue sourde est partie sur les probl\u00e8mes d&#8217;\u00e9preuves d&#8217;examens, de bac et de \u00abbonnes\u00bb. Je n&#8217;ai donc pas \u00e9t\u00e9 \u00e0 ton enterre\u00adment, puisque&#8230;<\/p>\n","protected":false},"author":1,"featured_media":0,"comment_status":"open","ping_status":"open","sticky":false,"template":"","format":"standard","meta":[],"categories":[1],"tags":[],"_links":{"self":[{"href":"http:\/\/emnadaf.cluster029.hosting.ovh.net\/index.php\/wp-json\/wp\/v2\/posts\/87"}],"collection":[{"href":"http:\/\/emnadaf.cluster029.hosting.ovh.net\/index.php\/wp-json\/wp\/v2\/posts"}],"about":[{"href":"http:\/\/emnadaf.cluster029.hosting.ovh.net\/index.php\/wp-json\/wp\/v2\/types\/post"}],"author":[{"embeddable":true,"href":"http:\/\/emnadaf.cluster029.hosting.ovh.net\/index.php\/wp-json\/wp\/v2\/users\/1"}],"replies":[{"embeddable":true,"href":"http:\/\/emnadaf.cluster029.hosting.ovh.net\/index.php\/wp-json\/wp\/v2\/comments?post=87"}],"version-history":[{"count":1,"href":"http:\/\/emnadaf.cluster029.hosting.ovh.net\/index.php\/wp-json\/wp\/v2\/posts\/87\/revisions"}],"predecessor-version":[{"id":88,"href":"http:\/\/emnadaf.cluster029.hosting.ovh.net\/index.php\/wp-json\/wp\/v2\/posts\/87\/revisions\/88"}],"wp:attachment":[{"href":"http:\/\/emnadaf.cluster029.hosting.ovh.net\/index.php\/wp-json\/wp\/v2\/media?parent=87"}],"wp:term":[{"taxonomy":"category","embeddable":true,"href":"http:\/\/emnadaf.cluster029.hosting.ovh.net\/index.php\/wp-json\/wp\/v2\/categories?post=87"},{"taxonomy":"post_tag","embeddable":true,"href":"http:\/\/emnadaf.cluster029.hosting.ovh.net\/index.php\/wp-json\/wp\/v2\/tags?post=87"}],"curies":[{"name":"wp","href":"https:\/\/api.w.org\/{rel}","templated":true}]}}