{"id":99,"date":"2021-04-26T19:11:14","date_gmt":"2021-04-26T17:11:14","guid":{"rendered":"http:\/\/emnadaf.cluster029.hosting.ovh.net\/?p=99"},"modified":"2021-04-26T19:11:14","modified_gmt":"2021-04-26T17:11:14","slug":"avocat-ou-ecrivain-public","status":"publish","type":"post","link":"http:\/\/emnadaf.cluster029.hosting.ovh.net\/index.php\/2021\/04\/26\/avocat-ou-ecrivain-public\/","title":{"rendered":"Avocat ou \u00e9crivain public"},"content":{"rendered":"\n<ul><li>\u00abMadame, ce que vous \u00e9crivez d\u00e9range!\u00bb<\/li><li>\u00abVous d\u00e9range? Monsieur!<\/li><li>\u00abMais non!! Pas du tout!! J&#8217;adore vous lire! Mais amicalement je dois vous le dire, attention \u00e0 vous! On ne vous veut pas que du bien.<\/li><li>\u00abAlors, grammaticalement, je fais l&#8217;ana\u00adlyse: je d\u00e9range qui? \u00abOn\u00bb pronom ind\u00e9fini, d&#8217;accord, mais qui peut \u00eatre pluriel et puissant. Et la libert\u00e9 d&#8217;expression, alors? Et la libre pens\u00e9e? Et les libert\u00e9s? &#8211; Et la D\u00e9mocratie?<\/li><li>Non, ce ne sont pas des utopies, moi j&#8217;y crois, et c&#8217;est pour cela que je continue d&#8217;\u00e9cri\u00adre, il faut savoir dire \u00e0 \u00abon\u00bb: \u00abbas les masques\u00bb!<\/li><\/ul>\n\n\n\n<p>Cet \u00e9t\u00e9, un article paru sur R\u00e9alit\u00e9s (n\u00b0 456 du 8 au 14n\/94) a plut\u00f4t malmen\u00e9 les avocats et la profession d&#8217;avocat. L&#8217;\u00e9t\u00e9 et les vacances sont sacr\u00e9s! Comme tout le monde, je lus l&#8217;ar\u00adticle en mangeant sur la plage des glibettes et des cacahu\u00e8tes, je tirai un sandwich \u00e0 la m\u00e9chouia, puis un gros morceau de past\u00e8que d&#8217;un grand couffin pr\u00e9vu et apport\u00e9 pour toute \u00e9ventualit\u00e9 de fringale sous le parasol.<\/p>\n\n\n\n<p>Je<strong> <\/strong>commen\u00e7ai \u00e0 m&#8217;\u00e9nerver, l&#8217;article de madame Nadia Omrane \u00e9tait-il insultant? Fallait-il s&#8217;en vexer? J&#8217;\u00e9tais presque s\u00fbre que le Conseil de l&#8217;Ordre des Avocats allait prendre la mouche, qu&#8217;il allait riposter en usant de son droit de r\u00e9ponse sur le m\u00eame journal ou, carr\u00e9ment, en saisissant le Parquet.<\/p>\n\n\n\n<p>Aucune r\u00e9action, l&#8217;Ordre du Barreau de Tunis et de Tunisie \u00e9tait absent, en vacances! Pardi! &#8211; \u00abOn\u00bb ne lit pas les journaux! \u00abOn\u00bb n&#8217;a pas d&#8217;attach\u00e9 de presse! On n&#8217;ach\u00e8te pas R\u00e9alit\u00e9s &#8211; A part La Presse et Essabah, \u00abon\u00bb ne lit rien!<\/p>\n\n\n\n<p>Quand j&#8217;ai demand\u00e9 \u00e0 plusieurs avocats s&#8217;ils trouvaient exag\u00e9r\u00e9es les affirmations de Madame Nadia Omrane, ils m&#8217;ont r\u00e9pondu qu&#8217;elle \u00e9tait encore en-dessous de la v\u00e9rit\u00e9 et de la r\u00e9alit\u00e9 et que la profession d&#8217;avocat, selon leurs propres paroles, avait quitt\u00e9 depuis long\u00adtemps la cime pour tomber dans l&#8217;ab\u00eeme. Ainsi donc, qui ne dit mot consent, et si la journalis\u00adte n&#8217;a pas \u00e9t\u00e9 controvers\u00e9e, m\u00eame pas par le b\u00e2tonnier, c&#8217;est qu&#8217;il existe une pi\u00e8tre id\u00e9e de l&#8217;avocat, de l&#8217;int\u00e9rieur comme de l&#8217;ext\u00e9rieur de la profession.<\/p>\n\n\n\n<p>A quoi cela est-il d\u00fb? Ah! Non, messieurs\u00ad dames je ne vous le dirai pas, \u00abOn\u00bb ne me le pardonnera pas! Mais je laisse parler N\u00e9ziha, citoyenne tunisienne, niveau d&#8217;instruction: premi\u00e8re ann\u00e9e secondaire (pr\u00eate \u00e0 t\u00e9moigner):<\/p>\n\n\n\n<p>\u00abMon fr\u00e8re a \u00e9t\u00e9 arr\u00eat\u00e9 pour un d\u00e9lit mineur, pendant quarante-huit heures nous \u00e9tions sans nouvelles de lui, ma m\u00e8re devenait folle, elle me demanda de passer par tous les lieux o\u00f9 il avait l&#8217;habitude de se rendre, du hammam au stade, au caf\u00e9, au bar, dans les h\u00f4tels, \u00e0 l&#8217;h\u00f4pi\u00adtal, au march\u00e9, chez Je boucher, l&#8217;\u00e9picier; je pleurai en cherchant mon fr\u00e8re, le chouchou de ma m\u00e8re; j&#8217;allai dans les postes de Police et de la Garde Nationale, et m\u00eame devant la porte de la prison centrale et au greffe des tribunaux.<\/p>\n\n\n\n<p>Mon fr\u00e8re avait pris une cuite et avait fait l&#8217;idiot sur la voie publique. Voici trente-six cartes de visites de trente-six avocats, \u00ables meilleurs sur la place, allez-y de notre part (bien recommand\u00e9e pour le partage du butin), ils ont le don d&#8217;ouvrir les portes des prisons sur le champ! Ils r\u00e9p\u00e8tent les uns apr\u00e8s les autres<\/p>\n\n\n\n<p>\u00abSesame! ouvre toi!\u00bb.<\/p>\n\n\n\n<p>La loi de mai 1992 impose entre autres \u00e0 l&#8217;avocat r\u00e9dacteur d&#8217;un acte de vente immobi\u00adlier, de faire des investigations aupr\u00e8s de la Conservation de la Propri\u00e9t\u00e9 Fonci\u00e8re pour conna\u00eetre la situation juridique du bien foncier objet du contrat; l&#8217;esprit de la loi est d&#8217;assainir les mutations fonci\u00e8res; de prot\u00e9ger les \u00e9ven\u00adtuels acqu\u00e9reurs des fraudes, des l\u00e9sions, et d&#8217;assumer la responsabilit\u00e9 de ses propres actes puisque l&#8217;avocat doit apposer sa signature et son cachet. Quand, honn\u00eatement, en votre \u00e2me et conscience, vous expliquez \u00e0 un citoyen cette d\u00e9marche s\u00fbre \u00e9ternellement, il la trouve longue et fastidieuse et vous dit: \u00abJ&#8217;ai trouv\u00e9 un avocat qui ne fait pas autant de chichi, il \u00e9crit juste sur l&#8217;acte; \u00abJ&#8217;atteste avoir v\u00e9rifi\u00e9 la situation du bien immobilier, et en avoir infor\u00adm\u00e9 les parties\u00bb. Et hop! \u00abOn\u00bb empoche les sous! Un \u00e9crivain public en fait autant et pour moins cher! &#8211; D&#8217;ailleurs ces derniers r\u00e9digent aussi les contrats de location pour vingt dinars, vendent des statuts de SARL pour quatre\u00ad vingts dinars et des statuts de S.A. pour cent dinars. Ils r\u00e9digent les requ\u00eates pour dix dinars etc&#8230; Il faut bien que tout le monde vive!<\/p>\n\n\n\n<p>Un \u00e9crivain public peut empocher soixante dinars par jour, sans fisc, ni CNSS, en \u00e9crivant trente plaintes au Parquet pour les plaideurs paum\u00e9s, avec pour tout investissement une caisse en bois et une machine \u00e0 \u00e9crire&#8230;<\/p>\n\n\n\n<p>Alors, certains avocats, au lieu de se mobili\u00adser pour redorer le blason de la profession, d\u00e9courag\u00e9s par le laxisme et les compromis\u00adsions de certains de leurs \u00e9lus, perdent le moral et d\u00e9priment en disant d&#8217;ailleurs que dans le pays toutes les valeurs empruntent la voie des toboggans.<\/p>\n\n\n\n<p>Alors grand-p\u00e8re, vous qui \u00eates aux cieux, et qui f\u00fbtes b\u00e2tonnier de l&#8217;ordre des avocats au d\u00e9but de ce si\u00e8cle, qu&#8217;avez-vous \u00e0 me sugg\u00e9\u00adrer?<\/p>\n\n\n\n<p>De lire Alfred De Vigny, \u00abLa mort du loup\u00bb et \u00abLa bouteille \u00e0 la mer\u00bb. Toujours la dignit\u00e9 et le courage, toujours l&#8217;honn\u00eatet\u00e9 et la gran\u00addeur de l&#8217;\u00e2me &#8211; Aux autres la mal\u00e9diction de l&#8217;argent mal acquis!<\/p>\n\n\n\n<p>&#8211; D&#8217;accord, grand-p\u00e8re, ainsi soit-il!<\/p>\n","protected":false},"excerpt":{"rendered":"<p>\u00abMadame, ce que vous \u00e9crivez d\u00e9range!\u00bb \u00abVous d\u00e9range? Monsieur! \u00abMais non!! Pas du tout!! J&#8217;adore vous lire! Mais amicalement je dois vous le dire, attention \u00e0 vous! On ne vous veut pas que du bien. \u00abAlors, grammaticalement, je fais l&#8217;ana\u00adlyse: je d\u00e9range qui? \u00abOn\u00bb pronom ind\u00e9fini, d&#8217;accord, mais qui peut \u00eatre pluriel et puissant. Et&#8230;<\/p>\n","protected":false},"author":1,"featured_media":0,"comment_status":"open","ping_status":"open","sticky":false,"template":"","format":"standard","meta":[],"categories":[1],"tags":[],"_links":{"self":[{"href":"http:\/\/emnadaf.cluster029.hosting.ovh.net\/index.php\/wp-json\/wp\/v2\/posts\/99"}],"collection":[{"href":"http:\/\/emnadaf.cluster029.hosting.ovh.net\/index.php\/wp-json\/wp\/v2\/posts"}],"about":[{"href":"http:\/\/emnadaf.cluster029.hosting.ovh.net\/index.php\/wp-json\/wp\/v2\/types\/post"}],"author":[{"embeddable":true,"href":"http:\/\/emnadaf.cluster029.hosting.ovh.net\/index.php\/wp-json\/wp\/v2\/users\/1"}],"replies":[{"embeddable":true,"href":"http:\/\/emnadaf.cluster029.hosting.ovh.net\/index.php\/wp-json\/wp\/v2\/comments?post=99"}],"version-history":[{"count":1,"href":"http:\/\/emnadaf.cluster029.hosting.ovh.net\/index.php\/wp-json\/wp\/v2\/posts\/99\/revisions"}],"predecessor-version":[{"id":100,"href":"http:\/\/emnadaf.cluster029.hosting.ovh.net\/index.php\/wp-json\/wp\/v2\/posts\/99\/revisions\/100"}],"wp:attachment":[{"href":"http:\/\/emnadaf.cluster029.hosting.ovh.net\/index.php\/wp-json\/wp\/v2\/media?parent=99"}],"wp:term":[{"taxonomy":"category","embeddable":true,"href":"http:\/\/emnadaf.cluster029.hosting.ovh.net\/index.php\/wp-json\/wp\/v2\/categories?post=99"},{"taxonomy":"post_tag","embeddable":true,"href":"http:\/\/emnadaf.cluster029.hosting.ovh.net\/index.php\/wp-json\/wp\/v2\/tags?post=99"}],"curies":[{"name":"wp","href":"https:\/\/api.w.org\/{rel}","templated":true}]}}